{"id":5305,"date":"2026-03-27T13:35:40","date_gmt":"2026-03-27T12:35:40","guid":{"rendered":"https:\/\/mvfaehrtgut.de\/2026\/03\/27\/presseeinladung-pressefahrt\/"},"modified":"2026-04-27T23:00:38","modified_gmt":"2026-04-27T21:00:38","slug":"presseeinladung-pressefahrt","status":"publish","type":"post","link":"https:\/\/mvfaehrtgut.de\/en\/2026\/03\/27\/presseeinladung-pressefahrt\/","title":{"rendered":"Presseeinladung \/ Pressefahrt"},"content":{"rendered":"<h5><strong>Staatssekret\u00e4rin Ines Jesse: Neue Gleise f\u00fcr Rasenden Roland und R\u00dcBB <\/strong><\/h5>\n<p>Am Dienstag<strong> den 31.03.2026<\/strong> laden wir Sie herzlich zu einer Pressefahrt von Putbus nach Lauterbach Mole mit dem Rasenden Roland ein, um die modernisierte Infrastruktur vor Ort zu besichtigen.<\/p>\n<p>Auf der beliebten touristischen Strecke der Insel R\u00fcgen zwischen Bergen auf R\u00fcgen nach Lauterbach (Mole) f\u00f6rderte das Land Mecklenburg-Vorpommern umfassende Gleiserneuerungsma\u00dfnahmen in Lauterbach. Die Bauarbeiten konnten p\u00fcnktlich vor Saisonstart, in diesem Monat abgeschlossen, werden.<\/p>\n<p>Staatssekret\u00e4rin des Ministeriums f\u00fcr Wirtschaft, Infrastruktur, Tourismus und Arbeit Mecklenburg-Vorpommerns, Ines Jesse, informiert sich vor Ort \u00fcber die abgeschlossenen Bauarbeiten.<\/p>\n<p><strong>Medienvertreterinnen und -vertreter sind herzlich eingeladen, an diesem Pressetermin teilzunehmen.<\/strong><\/p>\n<p><strong>Wann?<\/strong>\u00a0 \u00a0 \u00a0 \u00a0 \u00a0Dienstag, den 31. M\u00e4rz 2026 um 11:00 Uhr<\/p>\n<p><strong>Wo?<\/strong>\u00a0 \u00a0 \u00a0 \u00a0 \u00a0 \u00a0 \u00a0 Bahnhof Putbus (Bahnhofstr. 14, in Putbus), Gleis 3 (Parkpl\u00e4tze sind vor Ort vorhanden)<\/p>\n<p><strong>R\u00fcckfahrt:<\/strong>\u00a0\u00a0 ab Lauterbach (11:45 Uhr) bis Putbus<\/p>\n<p><strong>Weitere Teilnehmer:<\/strong> Dr. Stefan Kerth\u00a0 Landrat Vorpommern R\u00fcgen, Kay Kreisel Gesch\u00e4ftsf\u00fchrer Pressnitztalbahn, Carsten Werfel, Gesch\u00e4ftsf\u00fchrer und Abteilungsleiter Verkehrsplanung und Vergabe der VMV-Verkehrsgesellschaft Mecklenburg-Vorpommern<\/p>","protected":false},"excerpt":{"rendered":"<p>Staatssekret\u00e4rin Ines Jesse: Neue Gleise f\u00fcr Rasenden Roland und R\u00dcBB Am Dienstag den 31.03.2026 laden wir Sie herzlich zu einer Pressefahrt von Putbus nach Lauterbach Mole mit dem Rasenden Roland ein, um die modernisierte Infrastruktur vor Ort zu besichtigen. Auf der beliebten touristischen Strecke der Insel R\u00fcgen zwischen Bergen auf R\u00fcgen nach Lauterbach (Mole) f\u00f6rderte [&hellip;]<\/p>\n","protected":false},"author":2,"featured_media":5306,"comment_status":"closed","ping_status":"closed","sticky":false,"template":"","format":"standard","meta":{"_acf_changed":false,"footnotes":""},"categories":[4],"tags":[112,203,108,205,70,202,204,121],"mi-filters":[],"class_list":["post-5305","post","type-post","status-publish","format-standard","has-post-thumbnail","hentry","category-allgemein","tag-foerderung","tag-gleise","tag-landesmittel","tag-presseeinladung","tag-pressefahrt","tag-pressnitztalbahn","tag-rasender-roland","tag-staatssekretaerin-ines-jesse"],"acf":[],"yoast_head":"<!-- This site is optimized with the Yoast SEO plugin v27.4 - https:\/\/yoast.com\/product\/yoast-seo-wordpress\/ -->\n<title>Presseeinladung \/ Pressefahrt - MV f\u00e4hrt gut<\/title>\n<meta name=\"robots\" content=\"index, follow, max-snippet:-1, max-image-preview:large, max-video-preview:-1\" \/>\n<link rel=\"canonical\" href=\"https:\/\/mvfaehrtgut.de\/en\/2026\/03\/27\/presseeinladung-pressefahrt\/\" \/>\n<meta property=\"og:locale\" content=\"en_GB\" \/>\n<meta property=\"og:type\" content=\"article\" \/>\n<meta property=\"og:title\" content=\"Presseeinladung \/ Pressefahrt - MV f\u00e4hrt gut\" \/>\n<meta property=\"og:description\" content=\"Staatssekret\u00e4rin Ines Jesse: Neue Gleise f\u00fcr Rasenden Roland und R\u00dcBB Am Dienstag den 31.03.2026 laden wir Sie herzlich zu einer Pressefahrt von Putbus nach Lauterbach Mole mit dem Rasenden Roland ein, um die modernisierte Infrastruktur vor Ort zu besichtigen. Auf der beliebten touristischen Strecke der Insel R\u00fcgen zwischen Bergen auf R\u00fcgen nach Lauterbach (Mole) f\u00f6rderte [&hellip;]\" \/>\n<meta property=\"og:url\" content=\"https:\/\/mvfaehrtgut.de\/en\/2026\/03\/27\/presseeinladung-pressefahrt\/\" \/>\n<meta property=\"og:site_name\" content=\"MV f\u00e4hrt gut\" \/>\n<meta property=\"article:published_time\" content=\"2026-03-27T12:35:40+00:00\" \/>\n<meta property=\"article:modified_time\" content=\"2026-04-27T21:00:38+00:00\" \/>\n<meta property=\"og:image\" content=\"https:\/\/mvfaehrtgut.de\/wp-content\/uploads\/2026\/03\/Rasender-Roland-im-Fruehling-1100x734.jpg\" \/>\n\t<meta property=\"og:image:width\" content=\"1100\" \/>\n\t<meta property=\"og:image:height\" content=\"734\" \/>\n\t<meta property=\"og:image:type\" content=\"image\/jpeg\" \/>\n<meta name=\"author\" content=\"Redaktion\" \/>\n<script type=\"application\/ld+json\" class=\"yoast-schema-graph\">{\"@context\":\"https:\\\/\\\/schema.org\",\"@graph\":[{\"@type\":\"Article\",\"@id\":\"https:\\\/\\\/mvfaehrtgut.de\\\/2026\\\/03\\\/27\\\/presseeinladung-pressefahrt\\\/#article\",\"isPartOf\":{\"@id\":\"https:\\\/\\\/mvfaehrtgut.de\\\/2026\\\/03\\\/27\\\/presseeinladung-pressefahrt\\\/\"},\"author\":{\"name\":\"Redaktion\",\"@id\":\"https:\\\/\\\/mvfaehrtgut.de\\\/#\\\/schema\\\/person\\\/e4e808011b55d29455d39a5e7cca5654\"},\"headline\":\"Presseeinladung \\\/ Pressefahrt\",\"datePublished\":\"2026-03-27T12:35:40+00:00\",\"dateModified\":\"2026-04-27T21:00:38+00:00\",\"mainEntityOfPage\":{\"@id\":\"https:\\\/\\\/mvfaehrtgut.de\\\/2026\\\/03\\\/27\\\/presseeinladung-pressefahrt\\\/\"},\"wordCount\":169,\"publisher\":{\"@id\":\"https:\\\/\\\/mvfaehrtgut.de\\\/#organization\"},\"image\":{\"@id\":\"https:\\\/\\\/mvfaehrtgut.de\\\/2026\\\/03\\\/27\\\/presseeinladung-pressefahrt\\\/#primaryimage\"},\"thumbnailUrl\":\"https:\\\/\\\/mvfaehrtgut.de\\\/wp-content\\\/uploads\\\/2026\\\/03\\\/Rasender-Roland-im-Fruehling.jpg\",\"keywords\":[\"F\u00f6rderung\",\"Gleise\",\"Landesmittel\",\"Presseeinladung\",\"Pressefahrt\",\"pressnitztalbahn\",\"Rasender Roland\",\"Staatssekret\u00e4rin Ines Jesse\"],\"articleSection\":[\"Allgemein\"],\"inLanguage\":\"en-GB\"},{\"@type\":\"WebPage\",\"@id\":\"https:\\\/\\\/mvfaehrtgut.de\\\/2026\\\/03\\\/27\\\/presseeinladung-pressefahrt\\\/\",\"url\":\"https:\\\/\\\/mvfaehrtgut.de\\\/2026\\\/03\\\/27\\\/presseeinladung-pressefahrt\\\/\",\"name\":\"Presseeinladung \\\/ Pressefahrt - MV f\u00e4hrt gut\",\"isPartOf\":{\"@id\":\"https:\\\/\\\/mvfaehrtgut.de\\\/#website\"},\"primaryImageOfPage\":{\"@id\":\"https:\\\/\\\/mvfaehrtgut.de\\\/2026\\\/03\\\/27\\\/presseeinladung-pressefahrt\\\/#primaryimage\"},\"image\":{\"@id\":\"https:\\\/\\\/mvfaehrtgut.de\\\/2026\\\/03\\\/27\\\/presseeinladung-pressefahrt\\\/#primaryimage\"},\"thumbnailUrl\":\"https:\\\/\\\/mvfaehrtgut.de\\\/wp-content\\\/uploads\\\/2026\\\/03\\\/Rasender-Roland-im-Fruehling.jpg\",\"datePublished\":\"2026-03-27T12:35:40+00:00\",\"dateModified\":\"2026-04-27T21:00:38+00:00\",\"breadcrumb\":{\"@id\":\"https:\\\/\\\/mvfaehrtgut.de\\\/2026\\\/03\\\/27\\\/presseeinladung-pressefahrt\\\/#breadcrumb\"},\"inLanguage\":\"en-GB\",\"potentialAction\":[{\"@type\":\"ReadAction\",\"target\":[\"https:\\\/\\\/mvfaehrtgut.de\\\/2026\\\/03\\\/27\\\/presseeinladung-pressefahrt\\\/\"]}]},{\"@type\":\"ImageObject\",\"inLanguage\":\"en-GB\",\"@id\":\"https:\\\/\\\/mvfaehrtgut.de\\\/2026\\\/03\\\/27\\\/presseeinladung-pressefahrt\\\/#primaryimage\",\"url\":\"https:\\\/\\\/mvfaehrtgut.de\\\/wp-content\\\/uploads\\\/2026\\\/03\\\/Rasender-Roland-im-Fruehling.jpg\",\"contentUrl\":\"https:\\\/\\\/mvfaehrtgut.de\\\/wp-content\\\/uploads\\\/2026\\\/03\\\/Rasender-Roland-im-Fruehling.jpg\",\"width\":2000,\"height\":1334},{\"@type\":\"BreadcrumbList\",\"@id\":\"https:\\\/\\\/mvfaehrtgut.de\\\/2026\\\/03\\\/27\\\/presseeinladung-pressefahrt\\\/#breadcrumb\",\"itemListElement\":[{\"@type\":\"ListItem\",\"position\":1,\"name\":\"MV f\u00e4hrt gut\",\"item\":\"https:\\\/\\\/mvfaehrtgut.de\\\/\"},{\"@type\":\"ListItem\",\"position\":2,\"name\":\"Presseeinladung \\\/ Pressefahrt\"}]},{\"@type\":\"WebSite\",\"@id\":\"https:\\\/\\\/mvfaehrtgut.de\\\/#website\",\"url\":\"https:\\\/\\\/mvfaehrtgut.de\\\/\",\"name\":\"MV f\u00e4hrt gut\",\"description\":\"\",\"publisher\":{\"@id\":\"https:\\\/\\\/mvfaehrtgut.de\\\/#organization\"},\"potentialAction\":[{\"@type\":\"SearchAction\",\"target\":{\"@type\":\"EntryPoint\",\"urlTemplate\":\"https:\\\/\\\/mvfaehrtgut.de\\\/?s={search_term_string}\"},\"query-input\":{\"@type\":\"PropertyValueSpecification\",\"valueRequired\":true,\"valueName\":\"search_term_string\"}}],\"inLanguage\":\"en-GB\"},{\"@type\":\"Organization\",\"@id\":\"https:\\\/\\\/mvfaehrtgut.de\\\/#organization\",\"name\":\"VMV \u2013 Verkehrsgesellschaft Mecklenburg-Vorpommern mbH\",\"url\":\"https:\\\/\\\/mvfaehrtgut.de\\\/\",\"logo\":{\"@type\":\"ImageObject\",\"inLanguage\":\"en-GB\",\"@id\":\"https:\\\/\\\/mvfaehrtgut.de\\\/#\\\/schema\\\/logo\\\/image\\\/\",\"url\":\"https:\\\/\\\/mvfaehrtgut.de\\\/wp-content\\\/uploads\\\/2025\\\/08\\\/MV_faehrt_gut_mit_scrolleffekt.svg\",\"contentUrl\":\"https:\\\/\\\/mvfaehrtgut.de\\\/wp-content\\\/uploads\\\/2025\\\/08\\\/MV_faehrt_gut_mit_scrolleffekt.svg\",\"caption\":\"VMV \u2013 Verkehrsgesellschaft Mecklenburg-Vorpommern mbH\"},\"image\":{\"@id\":\"https:\\\/\\\/mvfaehrtgut.de\\\/#\\\/schema\\\/logo\\\/image\\\/\"}},{\"@type\":\"Person\",\"@id\":\"https:\\\/\\\/mvfaehrtgut.de\\\/#\\\/schema\\\/person\\\/e4e808011b55d29455d39a5e7cca5654\",\"name\":\"Redaktion\",\"url\":\"https:\\\/\\\/mvfaehrtgut.de\\\/en\\\/author\\\/redaktion\\\/\"}]}<\/script>\n<!-- \/ Yoast SEO plugin. -->","yoast_head_json":{"title":"Presseeinladung \/ Pressefahrt - MV f\u00e4hrt gut","robots":{"index":"index","follow":"follow","max-snippet":"max-snippet:-1","max-image-preview":"max-image-preview:large","max-video-preview":"max-video-preview:-1"},"canonical":"https:\/\/mvfaehrtgut.de\/en\/2026\/03\/27\/presseeinladung-pressefahrt\/","og_locale":"en_GB","og_type":"article","og_title":"Presseeinladung \/ Pressefahrt - MV f\u00e4hrt gut","og_description":"Staatssekret\u00e4rin Ines Jesse: Neue Gleise f\u00fcr Rasenden Roland und R\u00dcBB Am Dienstag den 31.03.2026 laden wir Sie herzlich zu einer Pressefahrt von Putbus nach Lauterbach Mole mit dem Rasenden Roland ein, um die modernisierte Infrastruktur vor Ort zu besichtigen. Auf der beliebten touristischen Strecke der Insel R\u00fcgen zwischen Bergen auf R\u00fcgen nach Lauterbach (Mole) f\u00f6rderte [&hellip;]","og_url":"https:\/\/mvfaehrtgut.de\/en\/2026\/03\/27\/presseeinladung-pressefahrt\/","og_site_name":"MV f\u00e4hrt gut","article_published_time":"2026-03-27T12:35:40+00:00","article_modified_time":"2026-04-27T21:00:38+00:00","og_image":[{"width":1100,"height":734,"url":"https:\/\/mvfaehrtgut.de\/wp-content\/uploads\/2026\/03\/Rasender-Roland-im-Fruehling-1100x734.jpg","type":"image\/jpeg"}],"author":"Redaktion","schema":{"@context":"https:\/\/schema.org","@graph":[{"@type":"Article","@id":"https:\/\/mvfaehrtgut.de\/2026\/03\/27\/presseeinladung-pressefahrt\/#article","isPartOf":{"@id":"https:\/\/mvfaehrtgut.de\/2026\/03\/27\/presseeinladung-pressefahrt\/"},"author":{"name":"Redaktion","@id":"https:\/\/mvfaehrtgut.de\/#\/schema\/person\/e4e808011b55d29455d39a5e7cca5654"},"headline":"Presseeinladung \/ Pressefahrt","datePublished":"2026-03-27T12:35:40+00:00","dateModified":"2026-04-27T21:00:38+00:00","mainEntityOfPage":{"@id":"https:\/\/mvfaehrtgut.de\/2026\/03\/27\/presseeinladung-pressefahrt\/"},"wordCount":169,"publisher":{"@id":"https:\/\/mvfaehrtgut.de\/#organization"},"image":{"@id":"https:\/\/mvfaehrtgut.de\/2026\/03\/27\/presseeinladung-pressefahrt\/#primaryimage"},"thumbnailUrl":"https:\/\/mvfaehrtgut.de\/wp-content\/uploads\/2026\/03\/Rasender-Roland-im-Fruehling.jpg","keywords":["F\u00f6rderung","Gleise","Landesmittel","Presseeinladung","Pressefahrt","pressnitztalbahn","Rasender Roland","Staatssekret\u00e4rin Ines Jesse"],"articleSection":["Allgemein"],"inLanguage":"en-GB"},{"@type":"WebPage","@id":"https:\/\/mvfaehrtgut.de\/2026\/03\/27\/presseeinladung-pressefahrt\/","url":"https:\/\/mvfaehrtgut.de\/2026\/03\/27\/presseeinladung-pressefahrt\/","name":"Presseeinladung \/ Pressefahrt - MV f\u00e4hrt gut","isPartOf":{"@id":"https:\/\/mvfaehrtgut.de\/#website"},"primaryImageOfPage":{"@id":"https:\/\/mvfaehrtgut.de\/2026\/03\/27\/presseeinladung-pressefahrt\/#primaryimage"},"image":{"@id":"https:\/\/mvfaehrtgut.de\/2026\/03\/27\/presseeinladung-pressefahrt\/#primaryimage"},"thumbnailUrl":"https:\/\/mvfaehrtgut.de\/wp-content\/uploads\/2026\/03\/Rasender-Roland-im-Fruehling.jpg","datePublished":"2026-03-27T12:35:40+00:00","dateModified":"2026-04-27T21:00:38+00:00","breadcrumb":{"@id":"https:\/\/mvfaehrtgut.de\/2026\/03\/27\/presseeinladung-pressefahrt\/#breadcrumb"},"inLanguage":"en-GB","potentialAction":[{"@type":"ReadAction","target":["https:\/\/mvfaehrtgut.de\/2026\/03\/27\/presseeinladung-pressefahrt\/"]}]},{"@type":"ImageObject","inLanguage":"en-GB","@id":"https:\/\/mvfaehrtgut.de\/2026\/03\/27\/presseeinladung-pressefahrt\/#primaryimage","url":"https:\/\/mvfaehrtgut.de\/wp-content\/uploads\/2026\/03\/Rasender-Roland-im-Fruehling.jpg","contentUrl":"https:\/\/mvfaehrtgut.de\/wp-content\/uploads\/2026\/03\/Rasender-Roland-im-Fruehling.jpg","width":2000,"height":1334},{"@type":"BreadcrumbList","@id":"https:\/\/mvfaehrtgut.de\/2026\/03\/27\/presseeinladung-pressefahrt\/#breadcrumb","itemListElement":[{"@type":"ListItem","position":1,"name":"MV f\u00e4hrt gut","item":"https:\/\/mvfaehrtgut.de\/"},{"@type":"ListItem","position":2,"name":"Presseeinladung \/ Pressefahrt"}]},{"@type":"WebSite","@id":"https:\/\/mvfaehrtgut.de\/#website","url":"https:\/\/mvfaehrtgut.de\/","name":"MV on the move","description":"","publisher":{"@id":"https:\/\/mvfaehrtgut.de\/#organization"},"potentialAction":[{"@type":"SearchAction","target":{"@type":"EntryPoint","urlTemplate":"https:\/\/mvfaehrtgut.de\/?s={search_term_string}"},"query-input":{"@type":"PropertyValueSpecification","valueRequired":true,"valueName":"search_term_string"}}],"inLanguage":"en-GB"},{"@type":"Organization","@id":"https:\/\/mvfaehrtgut.de\/#organization","name":"VMV \u2013 Verkehrsgesellschaft Mecklenburg-Vorpommern mbH","url":"https:\/\/mvfaehrtgut.de\/","logo":{"@type":"ImageObject","inLanguage":"en-GB","@id":"https:\/\/mvfaehrtgut.de\/#\/schema\/logo\/image\/","url":"https:\/\/mvfaehrtgut.de\/wp-content\/uploads\/2025\/08\/MV_faehrt_gut_mit_scrolleffekt.svg","contentUrl":"https:\/\/mvfaehrtgut.de\/wp-content\/uploads\/2025\/08\/MV_faehrt_gut_mit_scrolleffekt.svg","caption":"VMV \u2013 Verkehrsgesellschaft Mecklenburg-Vorpommern mbH"},"image":{"@id":"https:\/\/mvfaehrtgut.de\/#\/schema\/logo\/image\/"}},{"@type":"Person","@id":"https:\/\/mvfaehrtgut.de\/#\/schema\/person\/e4e808011b55d29455d39a5e7cca5654","name":"Redaktion","url":"https:\/\/mvfaehrtgut.de\/en\/author\/redaktion\/"}]}},"_links":{"self":[{"href":"https:\/\/mvfaehrtgut.de\/en\/wp-json\/wp\/v2\/posts\/5305","targetHints":{"allow":["GET"]}}],"collection":[{"href":"https:\/\/mvfaehrtgut.de\/en\/wp-json\/wp\/v2\/posts"}],"about":[{"href":"https:\/\/mvfaehrtgut.de\/en\/wp-json\/wp\/v2\/types\/post"}],"author":[{"embeddable":true,"href":"https:\/\/mvfaehrtgut.de\/en\/wp-json\/wp\/v2\/users\/2"}],"replies":[{"embeddable":true,"href":"https:\/\/mvfaehrtgut.de\/en\/wp-json\/wp\/v2\/comments?post=5305"}],"version-history":[{"count":1,"href":"https:\/\/mvfaehrtgut.de\/en\/wp-json\/wp\/v2\/posts\/5305\/revisions"}],"predecessor-version":[{"id":5315,"href":"https:\/\/mvfaehrtgut.de\/en\/wp-json\/wp\/v2\/posts\/5305\/revisions\/5315"}],"wp:featuredmedia":[{"embeddable":true,"href":"https:\/\/mvfaehrtgut.de\/en\/wp-json\/wp\/v2\/media\/5306"}],"wp:attachment":[{"href":"https:\/\/mvfaehrtgut.de\/en\/wp-json\/wp\/v2\/media?parent=5305"}],"wp:term":[{"taxonomy":"category","embeddable":true,"href":"https:\/\/mvfaehrtgut.de\/en\/wp-json\/wp\/v2\/categories?post=5305"},{"taxonomy":"post_tag","embeddable":true,"href":"https:\/\/mvfaehrtgut.de\/en\/wp-json\/wp\/v2\/tags?post=5305"},{"taxonomy":"mi-filters","embeddable":true,"href":"https:\/\/mvfaehrtgut.de\/en\/wp-json\/wp\/v2\/mi-filters?post=5305"}],"curies":[{"name":"wp","href":"https:\/\/api.w.org\/{rel}","templated":true}]}}