{"id":5294,"date":"2026-03-26T13:38:51","date_gmt":"2026-03-26T12:38:51","guid":{"rendered":"https:\/\/mvfaehrtgut.de\/2026\/03\/26\/ab-1-april-die-vvg-startet-regiobuslinie-mv81-von-anklam-nach-heringsdorf-rufbusverkehr-auf-der-ostseeinsel-usedom-wird-erweitert-das-land-unterstuetzt-zudem-die-ausstattung-mit-digitaler-bordtech\/"},"modified":"2026-04-27T23:00:37","modified_gmt":"2026-04-27T21:00:37","slug":"vvg-startet-regiobuslinie-mv81-von-anklam-nach-heringsdorf","status":"publish","type":"post","link":"https:\/\/mvfaehrtgut.de\/en\/2026\/03\/26\/vvg-startet-regiobuslinie-mv81-von-anklam-nach-heringsdorf\/","title":{"rendered":"Ab 1. April: Die VVG startet Regiobuslinie mv81 von Anklam nach Heringsdorf"},"content":{"rendered":"<p>Mit der mv81 von Anklam nach Heringsdorf \u2013 heute haben der Parlamentarische Staatssekret\u00e4r f\u00fcr Vorpommern und das \u00f6stliche Mecklenburg, Heiko Mira\u00df, der Landrat des Landkreises Vorpommern-Greifswald, Michael Sack, der Prokurist der VMV-Verkehrsgesellschaft MV, Martin Karolczak, und VVG-Gesch\u00e4ftsf\u00fchrer Dirk Zabel sowie weitere G\u00e4ste in Bansin auf Usedom symbolisch den ersten Regiobus des Landkreises Vorpommern-Greifswald auf die Reise geschickt. Zum 1. April 2026 nimmt die Verkehrsgesellschaft Vorpommern-Greifswald mbH (VVG) ihre erste Regiobuslinie in Betrieb. Das Wirtschaftsministerium unterst\u00fctzt die Linie in diesem Jahr \u00fcber die VMV \u2013 Verkehrsgesellschaft Mecklenburg-Vorpommern aus F\u00f6rdermitteln des Landes in H\u00f6he von ca. 504.000 Euro. Die Zuwendungen im Rahmen der Mobilit\u00e4tsoffensive des Landes zielen darauf ab, die Angebotsstandards im Interesse der Fahrg\u00e4ste vor allem im l\u00e4ndlichen Raum zu verbessern.<\/p>\n<p>Die Linie mv81 verbindet Anklam k\u00fcnftig t\u00e4glich und unabh\u00e4ngig von Schul- und Ferientagen direkt mit den Kaiserb\u00e4dern auf der Insel Usedom und schafft damit eine durchgehende Verbindung ohne Umstieg und ohne zus\u00e4tzliche Wartezeiten auf Usedom. Gleichzeitig handelt es sich um die erste Linie in Mecklenburg-Vorpommern mit der neuen Nummerierung der Regiobusse. Mit den neuen Liniennummern (mvXX) sollen die Regiobuslinien in MV noch einfacher f\u00fcr die Fahrg\u00e4ste zu erkennen sein. Bereits bestehende Linien werden im Laufe des Jahres auf die neuen Liniennummern umgestellt. Weitere Informationen erfolgen voraussichtlich im Sommer. Parallel zum Start der neuen Regiobuslinie baut die VVG ihr Rufbusangebot ILSE auf Usedom weiter aus und modernisiert mit Unterst\u00fctzung des Landes die technische Ausstattung ihrer Fahrzeuge durch die Einf\u00fchrung eines einheitlichen digitalen Bordrechnersystems.<\/p>\n<p>\u201eMit der neuen Regiobuslinie schaffen wir eine direkte Verbindung zwischen Anklam und den Kaiserb\u00e4dern. Damit r\u00fccken Festland und Insel f\u00fcr Berufspendler und Touristen enger zusammen. Und mit dem Anschluss an den Regionalexpress Richtung Berlin verbessert sich auch die \u00fcberregionale Anbindung unserer Region. Damit gehen Land und Landkreis gemeinsam einen konkreten Schritt zur Verwirklichung der Vorpommern-Magistrale \u2013 ein guter Tag f\u00fcr Vorpommern\u201c, betonte heute der Parlamentarische Staatssekret\u00e4r f\u00fcr Vorpommern und das \u00f6stliche Mecklenburg, Heiko Mira\u00df, in Bansin. Auch der Landrat des Landkreises, Michael Sack, bewertete die neue Verbindung als wichtigen Fortschritt f\u00fcr die Region \u201eDie mv81 ist ein wichtiger Baustein f\u00fcr die Mobilit\u00e4t in unserem Landkreis. Sie verbessert nicht nur die Erreichbarkeit der Insel, sondern vernetzt die Region insgesamt deutlich besser. Davon profitieren Wirtschaft, Bev\u00f6lkerung und G\u00e4ste gleicherma\u00dfen.\u201c<\/p>\n<p><strong>Direktverbindung in 65 Minuten st\u00e4rkt die Region <\/strong><\/p>\n<p>Die neue Verbindung erschlie\u00dft auf einer Strecke von rund 50 Kilometern zahlreiche Orte zwischen dem Festland und der Insel Usedom. Die Fahrzeit betr\u00e4gt rund eine Stunde. Damit entsteht ein deutlich attraktiveres Angebot f\u00fcr Pendlerinnen und Pendler, f\u00fcr Einwohnerinnen und Einwohner der Region sowie f\u00fcr Touristinnen und Touristen, die k\u00fcnftig ohne Umstieg ihr Ziel erreichen k\u00f6nnen. Der Fahrplan sieht \u00fcber den gesamten Tag hinweg eng getaktete Verbindungen vor, mit Start am Zentralomnibusbahnhof Anklam und Ziel am Bahnhof Heringsdorf und zur\u00fcck. Wichtige Zwischenhalte liegen unter anderem in Usedom Stadt, Zirchow, Korswandt und Ahlbeck. In Anklam bestehen zudem direkte Anschl\u00fcsse an die Regionalexpresslinien RE3 und RE30 in Richtung Stralsund, Berlin und Angerm\u00fcnde. Zum Einsatz kommen Fahrzeuge der VVG sowie der Anklamer Verkehrsgesellschaft (AVG). Eine Einzelfahrt kostet f\u00fcr Erwachsene 12,20 Euro und f\u00fcr Kinder 9,20 Euro, w\u00e4hrend Hin- und R\u00fcckfahrkarten f\u00fcr 23,80 Euro beziehungsweise 17,80 Euro erh\u00e4ltlich sind. Das Deutschlandticket wird anerkannt und erm\u00f6glicht damit eine zus\u00e4tzliche Nutzungsm\u00f6glichkeit f\u00fcr viele Fahrg\u00e4ste. Das Land Mecklenburg-Vorpommern unterst\u00fctzt die Finanzierung der Linie durch einen anteiligen Zuschuss pro Leistungskilometer im Jahr 2026. \u201eMit der neuen Linie bieten wir wieder eine durchgehende Verbindung ohne Umstieg und Wartezeiten. Das macht den \u00f6ffentlichen Nahverkehr sp\u00fcrbar attraktiver und alltagstauglicher\u201c, freute sich auch VVG-Gesch\u00e4ftsf\u00fchrer Dirk Zabel auf den Start der ersten Regiobuslinie im Landkreis Vorpommern-Greifswald.<\/p>\n<p><strong>Rufbus ILSE auf Usedom w\u00e4chst weiter<\/strong><\/p>\n<p>Nach dem erfolgreichen Start des ILSE-Rufbusses auf der Ostseeinsel Usedom zum Jahresbeginn soll dieser ab dem 1. April auf die Region der Kaiserb\u00e4der ausgeweitet werden. K\u00fcnftig werden auch die Ortsteile Gothen, Sellin, Neu Sallenthin und Alt Sallenthin an die zentralen Mobilit\u00e4tsknotenpunkte Bansin Bahnhof, Bansin Seepark und Heringsdorf Bahnhof angebunden. Damit verbessert sich nicht nur die Erreichbarkeit f\u00fcr die Einwohnerinnen und Einwohner dieser Ortsteile, sondern auch die touristische Erschlie\u00dfung der Region wird weiter gest\u00e4rkt. Fahrten innerhalb der Kaiserb\u00e4der selbst sind weiterhin nicht Bestandteil des Angebots, vielmehr dient der Rufbus der gezielten Anbindung an zentrale Punkte und den \u00fcberregionalen Verkehr. Der ILSE-Bus der Gemeinde Kaiserb\u00e4der kann mit der Kurkarte der Kaiserb\u00e4der sowie dem Deutschlandticket kostenfrei genutzt werden. Die Betriebszeiten des Rufbusses der Kaiserb\u00e4der variieren an den Wochenenden saisonabh\u00e4ngig. In der Zwischen- und Nebensaison von Anfang des Jahres bis Ende April sowie von Anfang Oktober bis Ende Dezember ist der Rufbus montags bis freitags von 8 bis 20 Uhr und an Wochenenden von 8 bis 18 Uhr unterwegs, w\u00e4hrend in der Hauptsaison von Anfang Mai bis Anfang Oktober t\u00e4glich ein Betrieb von 8 bis 20 Uhr gew\u00e4hrleistet wird. Ebenso positiv bewertete Landrat Michael Sack die Ausweitung des Rufbussystems auf die Kaiserb\u00e4der. \u201eDer Landkreis verfolgt das klare Ziel, den Rufbus kreisweit zu etablieren. Dass nun auch die Kaiserb\u00e4der hiervon profitieren, ist ein wichtiger Schritt in diese Richtung.\u201c<br \/>\nAuch diese Erweiterung wird durch das Land Mecklenburg-Vorpommern im Rahmen der Mobilit\u00e4tsoffensive finanziell unterst\u00fctzt und tr\u00e4gt dazu bei, die Angebotsqualit\u00e4t im l\u00e4ndlichen Raum nachhaltig zu verbessern. Das Land MV wird die gesamten Rufbusverkehre im Landkreis Vorpommern-Greifswald mit rund 2 Mio. Euro im Jahr 2026 unterst\u00fctzen.<\/p>\n<p><strong>Deutlich steigende Nachfrage auf Usedom<\/strong><\/p>\n<p>Schon jetzt zeigt sich nach der Einf\u00fchrung des Rufbusses ILSE Anfang Januar eine dynamische Entwicklung bei der Nutzung des Angebots. W\u00e4hrend im ersten Betriebsmonat Januar auf Usedom insgesamt 293 Fahrtanmeldungen registriert wurden, aus denen 221 Touren mit 253 bef\u00f6rderten Fahrg\u00e4sten resultierten, konnte diese Nachfrage im Februar deutlich gesteigert werden. So stieg die Zahl der Anmeldungen auf 516, die Anzahl der durchgef\u00fchrten Fahrten auf 405 und die Zahl der Fahrg\u00e4ste auf 486. Damit hat sich die Nutzung innerhalb nur eines Monats nahezu verdoppelt. Auch im M\u00e4rz setzt sich diese positive Entwicklung fort. Bis zum 15. M\u00e4rz wurden bereits 254 Fahrtanmeldungen verzeichnet, aus denen 205 Touren mit 236 Fahrg\u00e4sten resultierten. Insgesamt wurden seit dem Start Anfang Januar bis Mitte M\u00e4rz bereits 809 Fahrtanmeldungen registriert, 626 Touren durchgef\u00fchrt und 739 Fahrg\u00e4ste bef\u00f6rdert. Parallel dazu zeigt sich eine wachsende Akzeptanz digitaler Buchungswege. Der Anteil der App-Buchungen ist von 66 Prozent im Januar auf zuletzt 76 Prozent im M\u00e4rz gestiegen. Diese Entwicklung unterstreicht, dass sich das flexible On-Demand-Angebot nicht nur schnell etabliert, sondern auch zunehmend selbstverst\u00e4ndlich im Mobilit\u00e4tsalltag der Fahrg\u00e4ste auf Usedom verankert.<\/p>\n<p><strong>F\u00f6rderbescheid f\u00fcr Digitalisierung der Fahrzeugtechnik \u00fcbergeben<\/strong><\/p>\n<p>Ein weiterer zentraler Bestandteil der laufenden Mobilit\u00e4tsoffensive ist die Modernisierung der Fahrzeugausstattung und der Vertriebshintergrundsysteme. Mit der Beschaffung neuer Bordrechnertechnik wurden die Fahrzeuge in den neuen Fahrtgebieten der VVG in das bestehende System integriert. Somit besteht im gesamten Landkreis Vorpommern-Greifswald ein einheitliches digitales Vertriebs- und Kontrollsystem entsprechend der Standards der digitalen Vertriebs- und Kontrollstrategie des Landes Mecklenburg-Vorpommern. Insgesamt wurden hierf\u00fcr 122 neue Bordrechner beschafft, um die Abl\u00e4ufe im Fahrbetrieb zu optimieren und die Kontrolle von Fahrausweisen deutlich zu beschleunigen und zu vereinheitlichen. Davon profitieren sowohl die Fahrg\u00e4ste durch reibungslosere Abl\u00e4ufe als auch die Mitarbeitenden im t\u00e4glichen Betrieb. Die Ma\u00dfnahme wird durch einen Zuwendungsbescheid des Landes Mecklenburg-Vorpommern in H\u00f6he von 814.068 Euro unterst\u00fctzt, bei Gesamtausgaben von 1.051.600 Euro. Bereits im Vorfeld wurden die bestehende Fahrzeugflotte sowie zus\u00e4tzlich die ILSE-Rufbusse entsprechend ausgestattet und mit den Hintergrundsystemen vernetzt, sodass hier bereits erste Erfahrungen mit der neuen Technik vorliegen. Die vollst\u00e4ndige Implementierung in allen Fahrzeugen der VVG und der AVG soll bis zum Sommer 2026 abgeschlossen sein.<br \/>\nMit der Einf\u00fchrung der Regiobuslinie mv81, der erfolgreichen Weiterentwicklung des Rufbusangebots ILSE und der Investition in moderne digitale Bordtechnik setzt die VVG gemeinsam mit dem Land Mecklenburg-Vorpommern und dem Landkreis Vorpommern-Greifswald ein klares Signal f\u00fcr eine zukunftsf\u00e4hige, vernetzte und nutzerorientierte Mobilit\u00e4t in einer der wichtigsten Tourismusregionen des Landes. Weitere Informationen zum Regiobus MV unter:\u00a0 <a href=\"https:\/\/mvfaehrtgut.de\/en\/mobilitaetsoffensive\/regiobus\/\" target=\"_blank\" rel=\"noopener\">MV f\u00e4hrt gut. Regiobus MV<\/a><\/p>","protected":false},"excerpt":{"rendered":"<p>Mit der mv81 von Anklam nach Heringsdorf \u2013 heute haben der Parlamentarische Staatssekret\u00e4r f\u00fcr Vorpommern und das \u00f6stliche Mecklenburg, Heiko Mira\u00df, der Landrat des Landkreises Vorpommern-Greifswald, Michael Sack, der Prokurist der VMV-Verkehrsgesellschaft MV, Martin Karolczak, und VVG-Gesch\u00e4ftsf\u00fchrer Dirk Zabel sowie weitere G\u00e4ste in Bansin auf Usedom symbolisch den ersten Regiobus des Landkreises Vorpommern-Greifswald auf die [&hellip;]<\/p>\n","protected":false},"author":2,"featured_media":5295,"comment_status":"closed","ping_status":"closed","sticky":false,"template":"","format":"standard","meta":{"_acf_changed":false,"footnotes":""},"categories":[4],"tags":[201,95,194,94,24,193],"mi-filters":[],"class_list":["post-5294","post","type-post","status-publish","format-standard","has-post-thumbnail","hentry","category-allgemein","tag-boardtechnik","tag-neue-regiobuslinie","tag-parlamentarischen-staatssekretaer-fuer-vorpommern-und-das-oestliche-mecklenburg","tag-regiobus-mv","tag-rufbus-mv","tag-verkehrsgesellschaft-vorpommern-greifswald-mbh-vvg"],"acf":[],"yoast_head":"<!-- This site is optimized with the Yoast SEO plugin v27.4 - https:\/\/yoast.com\/product\/yoast-seo-wordpress\/ -->\n<title>Ab 1. April: Die VVG startet Regiobuslinie mv81 von Anklam nach Heringsdorf - MV f\u00e4hrt gut<\/title>\n<meta name=\"robots\" content=\"index, follow, max-snippet:-1, max-image-preview:large, max-video-preview:-1\" \/>\n<link rel=\"canonical\" href=\"https:\/\/mvfaehrtgut.de\/en\/2026\/03\/26\/vvg-startet-regiobuslinie-mv81-von-anklam-nach-heringsdorf\/\" \/>\n<meta property=\"og:locale\" content=\"en_GB\" \/>\n<meta property=\"og:type\" content=\"article\" \/>\n<meta property=\"og:title\" content=\"Ab 1. April: Die VVG startet Regiobuslinie mv81 von Anklam nach Heringsdorf - MV f\u00e4hrt gut\" \/>\n<meta property=\"og:description\" content=\"Mit der mv81 von Anklam nach Heringsdorf \u2013 heute haben der Parlamentarische Staatssekret\u00e4r f\u00fcr Vorpommern und das \u00f6stliche Mecklenburg, Heiko Mira\u00df, der Landrat des Landkreises Vorpommern-Greifswald, Michael Sack, der Prokurist der VMV-Verkehrsgesellschaft MV, Martin Karolczak, und VVG-Gesch\u00e4ftsf\u00fchrer Dirk Zabel sowie weitere G\u00e4ste in Bansin auf Usedom symbolisch den ersten Regiobus des Landkreises Vorpommern-Greifswald auf die [&hellip;]\" \/>\n<meta property=\"og:url\" content=\"https:\/\/mvfaehrtgut.de\/en\/2026\/03\/26\/vvg-startet-regiobuslinie-mv81-von-anklam-nach-heringsdorf\/\" \/>\n<meta property=\"og:site_name\" content=\"MV f\u00e4hrt gut\" \/>\n<meta property=\"article:published_time\" content=\"2026-03-26T12:38:51+00:00\" \/>\n<meta property=\"article:modified_time\" content=\"2026-04-27T21:00:37+00:00\" \/>\n<meta property=\"og:image\" content=\"https:\/\/mvfaehrtgut.de\/wp-content\/uploads\/2026\/03\/VVG.jpg\" \/>\n\t<meta property=\"og:image:width\" content=\"640\" \/>\n\t<meta property=\"og:image:height\" content=\"492\" \/>\n\t<meta property=\"og:image:type\" content=\"image\/jpeg\" \/>\n<meta name=\"author\" content=\"Redaktion\" \/>\n<script type=\"application\/ld+json\" class=\"yoast-schema-graph\">{\"@context\":\"https:\\\/\\\/schema.org\",\"@graph\":[{\"@type\":\"Article\",\"@id\":\"https:\\\/\\\/mvfaehrtgut.de\\\/2026\\\/03\\\/26\\\/vvg-startet-regiobuslinie-mv81-von-anklam-nach-heringsdorf\\\/#article\",\"isPartOf\":{\"@id\":\"https:\\\/\\\/mvfaehrtgut.de\\\/2026\\\/03\\\/26\\\/vvg-startet-regiobuslinie-mv81-von-anklam-nach-heringsdorf\\\/\"},\"author\":{\"name\":\"Redaktion\",\"@id\":\"https:\\\/\\\/mvfaehrtgut.de\\\/#\\\/schema\\\/person\\\/e4e808011b55d29455d39a5e7cca5654\"},\"headline\":\"Ab 1. April: Die VVG startet Regiobuslinie mv81 von Anklam nach Heringsdorf\",\"datePublished\":\"2026-03-26T12:38:51+00:00\",\"dateModified\":\"2026-04-27T21:00:37+00:00\",\"mainEntityOfPage\":{\"@id\":\"https:\\\/\\\/mvfaehrtgut.de\\\/2026\\\/03\\\/26\\\/vvg-startet-regiobuslinie-mv81-von-anklam-nach-heringsdorf\\\/\"},\"wordCount\":1359,\"publisher\":{\"@id\":\"https:\\\/\\\/mvfaehrtgut.de\\\/#organization\"},\"image\":{\"@id\":\"https:\\\/\\\/mvfaehrtgut.de\\\/2026\\\/03\\\/26\\\/vvg-startet-regiobuslinie-mv81-von-anklam-nach-heringsdorf\\\/#primaryimage\"},\"thumbnailUrl\":\"https:\\\/\\\/mvfaehrtgut.de\\\/wp-content\\\/uploads\\\/2026\\\/03\\\/VVG.jpg\",\"keywords\":[\"Boardtechnik\",\"neue Regiobuslinie\",\"Parlamentarischen Staatssekret\u00e4r f\u00fcr Vorpommern und das \u00f6stliche Mecklenburg\",\"Regiobus MV\",\"Rufbus MV\",\"Verkehrsgesellschaft Vorpommern-Greifswald mbH (VVG)\"],\"articleSection\":[\"Allgemein\"],\"inLanguage\":\"en-GB\"},{\"@type\":\"WebPage\",\"@id\":\"https:\\\/\\\/mvfaehrtgut.de\\\/2026\\\/03\\\/26\\\/vvg-startet-regiobuslinie-mv81-von-anklam-nach-heringsdorf\\\/\",\"url\":\"https:\\\/\\\/mvfaehrtgut.de\\\/2026\\\/03\\\/26\\\/vvg-startet-regiobuslinie-mv81-von-anklam-nach-heringsdorf\\\/\",\"name\":\"Ab 1. April: Die VVG startet Regiobuslinie mv81 von Anklam nach Heringsdorf - MV f\u00e4hrt gut\",\"isPartOf\":{\"@id\":\"https:\\\/\\\/mvfaehrtgut.de\\\/#website\"},\"primaryImageOfPage\":{\"@id\":\"https:\\\/\\\/mvfaehrtgut.de\\\/2026\\\/03\\\/26\\\/vvg-startet-regiobuslinie-mv81-von-anklam-nach-heringsdorf\\\/#primaryimage\"},\"image\":{\"@id\":\"https:\\\/\\\/mvfaehrtgut.de\\\/2026\\\/03\\\/26\\\/vvg-startet-regiobuslinie-mv81-von-anklam-nach-heringsdorf\\\/#primaryimage\"},\"thumbnailUrl\":\"https:\\\/\\\/mvfaehrtgut.de\\\/wp-content\\\/uploads\\\/2026\\\/03\\\/VVG.jpg\",\"datePublished\":\"2026-03-26T12:38:51+00:00\",\"dateModified\":\"2026-04-27T21:00:37+00:00\",\"breadcrumb\":{\"@id\":\"https:\\\/\\\/mvfaehrtgut.de\\\/2026\\\/03\\\/26\\\/vvg-startet-regiobuslinie-mv81-von-anklam-nach-heringsdorf\\\/#breadcrumb\"},\"inLanguage\":\"en-GB\",\"potentialAction\":[{\"@type\":\"ReadAction\",\"target\":[\"https:\\\/\\\/mvfaehrtgut.de\\\/2026\\\/03\\\/26\\\/vvg-startet-regiobuslinie-mv81-von-anklam-nach-heringsdorf\\\/\"]}]},{\"@type\":\"ImageObject\",\"inLanguage\":\"en-GB\",\"@id\":\"https:\\\/\\\/mvfaehrtgut.de\\\/2026\\\/03\\\/26\\\/vvg-startet-regiobuslinie-mv81-von-anklam-nach-heringsdorf\\\/#primaryimage\",\"url\":\"https:\\\/\\\/mvfaehrtgut.de\\\/wp-content\\\/uploads\\\/2026\\\/03\\\/VVG.jpg\",\"contentUrl\":\"https:\\\/\\\/mvfaehrtgut.de\\\/wp-content\\\/uploads\\\/2026\\\/03\\\/VVG.jpg\",\"width\":640,\"height\":492},{\"@type\":\"BreadcrumbList\",\"@id\":\"https:\\\/\\\/mvfaehrtgut.de\\\/2026\\\/03\\\/26\\\/vvg-startet-regiobuslinie-mv81-von-anklam-nach-heringsdorf\\\/#breadcrumb\",\"itemListElement\":[{\"@type\":\"ListItem\",\"position\":1,\"name\":\"MV f\u00e4hrt gut\",\"item\":\"https:\\\/\\\/mvfaehrtgut.de\\\/\"},{\"@type\":\"ListItem\",\"position\":2,\"name\":\"Ab 1. April: Die VVG startet Regiobuslinie mv81 von Anklam nach Heringsdorf\"}]},{\"@type\":\"WebSite\",\"@id\":\"https:\\\/\\\/mvfaehrtgut.de\\\/#website\",\"url\":\"https:\\\/\\\/mvfaehrtgut.de\\\/\",\"name\":\"MV f\u00e4hrt gut\",\"description\":\"\",\"publisher\":{\"@id\":\"https:\\\/\\\/mvfaehrtgut.de\\\/#organization\"},\"potentialAction\":[{\"@type\":\"SearchAction\",\"target\":{\"@type\":\"EntryPoint\",\"urlTemplate\":\"https:\\\/\\\/mvfaehrtgut.de\\\/?s={search_term_string}\"},\"query-input\":{\"@type\":\"PropertyValueSpecification\",\"valueRequired\":true,\"valueName\":\"search_term_string\"}}],\"inLanguage\":\"en-GB\"},{\"@type\":\"Organization\",\"@id\":\"https:\\\/\\\/mvfaehrtgut.de\\\/#organization\",\"name\":\"VMV \u2013 Verkehrsgesellschaft Mecklenburg-Vorpommern mbH\",\"url\":\"https:\\\/\\\/mvfaehrtgut.de\\\/\",\"logo\":{\"@type\":\"ImageObject\",\"inLanguage\":\"en-GB\",\"@id\":\"https:\\\/\\\/mvfaehrtgut.de\\\/#\\\/schema\\\/logo\\\/image\\\/\",\"url\":\"https:\\\/\\\/mvfaehrtgut.de\\\/wp-content\\\/uploads\\\/2025\\\/08\\\/MV_faehrt_gut_mit_scrolleffekt.svg\",\"contentUrl\":\"https:\\\/\\\/mvfaehrtgut.de\\\/wp-content\\\/uploads\\\/2025\\\/08\\\/MV_faehrt_gut_mit_scrolleffekt.svg\",\"caption\":\"VMV \u2013 Verkehrsgesellschaft Mecklenburg-Vorpommern mbH\"},\"image\":{\"@id\":\"https:\\\/\\\/mvfaehrtgut.de\\\/#\\\/schema\\\/logo\\\/image\\\/\"}},{\"@type\":\"Person\",\"@id\":\"https:\\\/\\\/mvfaehrtgut.de\\\/#\\\/schema\\\/person\\\/e4e808011b55d29455d39a5e7cca5654\",\"name\":\"Redaktion\",\"url\":\"https:\\\/\\\/mvfaehrtgut.de\\\/en\\\/author\\\/redaktion\\\/\"}]}<\/script>\n<!-- \/ Yoast SEO plugin. -->","yoast_head_json":{"title":"Ab 1. April: Die VVG startet Regiobuslinie mv81 von Anklam nach Heringsdorf - MV f\u00e4hrt gut","robots":{"index":"index","follow":"follow","max-snippet":"max-snippet:-1","max-image-preview":"max-image-preview:large","max-video-preview":"max-video-preview:-1"},"canonical":"https:\/\/mvfaehrtgut.de\/en\/2026\/03\/26\/vvg-startet-regiobuslinie-mv81-von-anklam-nach-heringsdorf\/","og_locale":"en_GB","og_type":"article","og_title":"Ab 1. April: Die VVG startet Regiobuslinie mv81 von Anklam nach Heringsdorf - MV f\u00e4hrt gut","og_description":"Mit der mv81 von Anklam nach Heringsdorf \u2013 heute haben der Parlamentarische Staatssekret\u00e4r f\u00fcr Vorpommern und das \u00f6stliche Mecklenburg, Heiko Mira\u00df, der Landrat des Landkreises Vorpommern-Greifswald, Michael Sack, der Prokurist der VMV-Verkehrsgesellschaft MV, Martin Karolczak, und VVG-Gesch\u00e4ftsf\u00fchrer Dirk Zabel sowie weitere G\u00e4ste in Bansin auf Usedom symbolisch den ersten Regiobus des Landkreises Vorpommern-Greifswald auf die [&hellip;]","og_url":"https:\/\/mvfaehrtgut.de\/en\/2026\/03\/26\/vvg-startet-regiobuslinie-mv81-von-anklam-nach-heringsdorf\/","og_site_name":"MV f\u00e4hrt gut","article_published_time":"2026-03-26T12:38:51+00:00","article_modified_time":"2026-04-27T21:00:37+00:00","og_image":[{"width":640,"height":492,"url":"https:\/\/mvfaehrtgut.de\/wp-content\/uploads\/2026\/03\/VVG.jpg","type":"image\/jpeg"}],"author":"Redaktion","schema":{"@context":"https:\/\/schema.org","@graph":[{"@type":"Article","@id":"https:\/\/mvfaehrtgut.de\/2026\/03\/26\/vvg-startet-regiobuslinie-mv81-von-anklam-nach-heringsdorf\/#article","isPartOf":{"@id":"https:\/\/mvfaehrtgut.de\/2026\/03\/26\/vvg-startet-regiobuslinie-mv81-von-anklam-nach-heringsdorf\/"},"author":{"name":"Redaktion","@id":"https:\/\/mvfaehrtgut.de\/#\/schema\/person\/e4e808011b55d29455d39a5e7cca5654"},"headline":"Ab 1. April: Die VVG startet Regiobuslinie mv81 von Anklam nach Heringsdorf","datePublished":"2026-03-26T12:38:51+00:00","dateModified":"2026-04-27T21:00:37+00:00","mainEntityOfPage":{"@id":"https:\/\/mvfaehrtgut.de\/2026\/03\/26\/vvg-startet-regiobuslinie-mv81-von-anklam-nach-heringsdorf\/"},"wordCount":1359,"publisher":{"@id":"https:\/\/mvfaehrtgut.de\/#organization"},"image":{"@id":"https:\/\/mvfaehrtgut.de\/2026\/03\/26\/vvg-startet-regiobuslinie-mv81-von-anklam-nach-heringsdorf\/#primaryimage"},"thumbnailUrl":"https:\/\/mvfaehrtgut.de\/wp-content\/uploads\/2026\/03\/VVG.jpg","keywords":["Boardtechnik","neue Regiobuslinie","Parlamentarischen Staatssekret\u00e4r f\u00fcr Vorpommern und das \u00f6stliche Mecklenburg","Regiobus MV","Rufbus MV","Verkehrsgesellschaft Vorpommern-Greifswald mbH (VVG)"],"articleSection":["Allgemein"],"inLanguage":"en-GB"},{"@type":"WebPage","@id":"https:\/\/mvfaehrtgut.de\/2026\/03\/26\/vvg-startet-regiobuslinie-mv81-von-anklam-nach-heringsdorf\/","url":"https:\/\/mvfaehrtgut.de\/2026\/03\/26\/vvg-startet-regiobuslinie-mv81-von-anklam-nach-heringsdorf\/","name":"Ab 1. April: Die VVG startet Regiobuslinie mv81 von Anklam nach Heringsdorf - MV f\u00e4hrt gut","isPartOf":{"@id":"https:\/\/mvfaehrtgut.de\/#website"},"primaryImageOfPage":{"@id":"https:\/\/mvfaehrtgut.de\/2026\/03\/26\/vvg-startet-regiobuslinie-mv81-von-anklam-nach-heringsdorf\/#primaryimage"},"image":{"@id":"https:\/\/mvfaehrtgut.de\/2026\/03\/26\/vvg-startet-regiobuslinie-mv81-von-anklam-nach-heringsdorf\/#primaryimage"},"thumbnailUrl":"https:\/\/mvfaehrtgut.de\/wp-content\/uploads\/2026\/03\/VVG.jpg","datePublished":"2026-03-26T12:38:51+00:00","dateModified":"2026-04-27T21:00:37+00:00","breadcrumb":{"@id":"https:\/\/mvfaehrtgut.de\/2026\/03\/26\/vvg-startet-regiobuslinie-mv81-von-anklam-nach-heringsdorf\/#breadcrumb"},"inLanguage":"en-GB","potentialAction":[{"@type":"ReadAction","target":["https:\/\/mvfaehrtgut.de\/2026\/03\/26\/vvg-startet-regiobuslinie-mv81-von-anklam-nach-heringsdorf\/"]}]},{"@type":"ImageObject","inLanguage":"en-GB","@id":"https:\/\/mvfaehrtgut.de\/2026\/03\/26\/vvg-startet-regiobuslinie-mv81-von-anklam-nach-heringsdorf\/#primaryimage","url":"https:\/\/mvfaehrtgut.de\/wp-content\/uploads\/2026\/03\/VVG.jpg","contentUrl":"https:\/\/mvfaehrtgut.de\/wp-content\/uploads\/2026\/03\/VVG.jpg","width":640,"height":492},{"@type":"BreadcrumbList","@id":"https:\/\/mvfaehrtgut.de\/2026\/03\/26\/vvg-startet-regiobuslinie-mv81-von-anklam-nach-heringsdorf\/#breadcrumb","itemListElement":[{"@type":"ListItem","position":1,"name":"MV f\u00e4hrt gut","item":"https:\/\/mvfaehrtgut.de\/"},{"@type":"ListItem","position":2,"name":"Ab 1. April: Die VVG startet Regiobuslinie mv81 von Anklam nach Heringsdorf"}]},{"@type":"WebSite","@id":"https:\/\/mvfaehrtgut.de\/#website","url":"https:\/\/mvfaehrtgut.de\/","name":"MV on the move","description":"","publisher":{"@id":"https:\/\/mvfaehrtgut.de\/#organization"},"potentialAction":[{"@type":"SearchAction","target":{"@type":"EntryPoint","urlTemplate":"https:\/\/mvfaehrtgut.de\/?s={search_term_string}"},"query-input":{"@type":"PropertyValueSpecification","valueRequired":true,"valueName":"search_term_string"}}],"inLanguage":"en-GB"},{"@type":"Organization","@id":"https:\/\/mvfaehrtgut.de\/#organization","name":"VMV \u2013 Verkehrsgesellschaft Mecklenburg-Vorpommern mbH","url":"https:\/\/mvfaehrtgut.de\/","logo":{"@type":"ImageObject","inLanguage":"en-GB","@id":"https:\/\/mvfaehrtgut.de\/#\/schema\/logo\/image\/","url":"https:\/\/mvfaehrtgut.de\/wp-content\/uploads\/2025\/08\/MV_faehrt_gut_mit_scrolleffekt.svg","contentUrl":"https:\/\/mvfaehrtgut.de\/wp-content\/uploads\/2025\/08\/MV_faehrt_gut_mit_scrolleffekt.svg","caption":"VMV \u2013 Verkehrsgesellschaft Mecklenburg-Vorpommern mbH"},"image":{"@id":"https:\/\/mvfaehrtgut.de\/#\/schema\/logo\/image\/"}},{"@type":"Person","@id":"https:\/\/mvfaehrtgut.de\/#\/schema\/person\/e4e808011b55d29455d39a5e7cca5654","name":"Redaktion","url":"https:\/\/mvfaehrtgut.de\/en\/author\/redaktion\/"}]}},"_links":{"self":[{"href":"https:\/\/mvfaehrtgut.de\/en\/wp-json\/wp\/v2\/posts\/5294","targetHints":{"allow":["GET"]}}],"collection":[{"href":"https:\/\/mvfaehrtgut.de\/en\/wp-json\/wp\/v2\/posts"}],"about":[{"href":"https:\/\/mvfaehrtgut.de\/en\/wp-json\/wp\/v2\/types\/post"}],"author":[{"embeddable":true,"href":"https:\/\/mvfaehrtgut.de\/en\/wp-json\/wp\/v2\/users\/2"}],"replies":[{"embeddable":true,"href":"https:\/\/mvfaehrtgut.de\/en\/wp-json\/wp\/v2\/comments?post=5294"}],"version-history":[{"count":2,"href":"https:\/\/mvfaehrtgut.de\/en\/wp-json\/wp\/v2\/posts\/5294\/revisions"}],"predecessor-version":[{"id":5320,"href":"https:\/\/mvfaehrtgut.de\/en\/wp-json\/wp\/v2\/posts\/5294\/revisions\/5320"}],"wp:featuredmedia":[{"embeddable":true,"href":"https:\/\/mvfaehrtgut.de\/en\/wp-json\/wp\/v2\/media\/5295"}],"wp:attachment":[{"href":"https:\/\/mvfaehrtgut.de\/en\/wp-json\/wp\/v2\/media?parent=5294"}],"wp:term":[{"taxonomy":"category","embeddable":true,"href":"https:\/\/mvfaehrtgut.de\/en\/wp-json\/wp\/v2\/categories?post=5294"},{"taxonomy":"post_tag","embeddable":true,"href":"https:\/\/mvfaehrtgut.de\/en\/wp-json\/wp\/v2\/tags?post=5294"},{"taxonomy":"mi-filters","embeddable":true,"href":"https:\/\/mvfaehrtgut.de\/en\/wp-json\/wp\/v2\/mi-filters?post=5294"}],"curies":[{"name":"wp","href":"https:\/\/api.w.org\/{rel}","templated":true}]}}