{"id":5291,"date":"2026-03-25T13:00:38","date_gmt":"2026-03-25T12:00:38","guid":{"rendered":"https:\/\/mvfaehrtgut.de\/2026\/03\/25\/entspannt-in-die-saison-mit-der-suedbahn-nachhaltig-unterwegs\/"},"modified":"2026-04-27T23:00:34","modified_gmt":"2026-04-27T21:00:34","slug":"entspannt-in-die-saison-mit-der-suedbahn-nachhaltig-unterwegs","status":"publish","type":"post","link":"https:\/\/mvfaehrtgut.de\/en\/2026\/03\/25\/entspannt-in-die-saison-mit-der-suedbahn-nachhaltig-unterwegs\/","title":{"rendered":"Ab 3. April 2026: Saisonverkehr der S\u00fcdbahn startet"},"content":{"rendered":"<p><strong>Eine Pressemitteilung des Ministeriums f\u00fcr Wirtschaft, Infrastruktur, Tourismus und Arbeit.<\/strong><\/p>\n<p>Am 3. April 2026 startet der beliebte Saisonverkehr entlang der S\u00fcdbahn. Einheimische und Urlaubsg\u00e4ste k\u00f6nnen dann die landschaftlich reizvolle Mecklenburgische Seenplatte klimafreundlich mit Bus und Bahn entdecken. Zwischen Parchim, L\u00fcbz, Karow, Plau am See (RB19) sowie Waren (M\u00fcritz), Malchow und Plau am See (RB15) verkehren die Z\u00fcge an Wochenenden und Feiertagen durch eine der sch\u00f6nsten Naturregionen Deutschlands.<\/p>\n<p><strong>Nachhaltige Mobilit\u00e4t f\u00fcr Einheimische und G\u00e4ste<\/strong><\/p>\n<p>\u201eMit den bew\u00e4hrten Saisonangeboten bieten wir Einheimischen und den G\u00e4sten der Region auch in diesem Jahr eine attraktive Alternative zum Auto. Wer Bus und Bahn nutzt, erlebt die Mecklenburgische Seenplatte aus einer neuen Perspektive \u2013unsere Mobilit\u00e4tsoffensive wirkt\u201c, sagt\u00a0Ines Jesse, Staatssekret\u00e4rin im Verkehrsministerium.<\/p>\n<p>Die Mecklenburgische Seenplatte begeistert mit unz\u00e4hligen Seen, weiten W\u00e4ldern und idyllischen Kleinst\u00e4dten. Besonders in den Sommermonaten ist die Verkehrslage vor Ort stark frequentiert. Um Natur und Lebensqualit\u00e4t auch in Zukunft zu bewahren, lohnt sich der Blick auf umweltfreundliche Alternativen. Ein Umstieg auf Bahn und Bus, schont nicht nur das Klima, sondern entlastet auch die Stra\u00dfen.<\/p>\n<p><strong>Entspannt in die Saison mit RB15 und RB19<\/strong><\/p>\n<p>Vom 3. bis 6. April und vom 14. Mai bis 13. September 2026 starten die Saisonz\u00fcge auf den Linien RB15 und RB19 der ODEG freitags, samstags, sonntags und feiertags zwischen, der Inselstadt Malchow, Plau am See und Parchim. W\u00e4hrend der Sommerferien in Mecklenburg-Vorpommern wird das Angebot der RB15 montags bis freitags zus\u00e4tzlich erweitert. Diese f\u00e4hrt in den Sommerferien somit unter der Woche von der Inselstadt Malchow \u00fcber Malchow Krebssee bis Alt Schwerin und ab Freitagnachmittag weiter bis Plau am See. Die Z\u00fcge bieten ideale Verbindungen f\u00fcr Familienausfl\u00fcge und Tagesreisen, ganz ohne Auto und mit bester Anbindung an die sch\u00f6nsten Ziele der Mecklenburgischen Seenplatte.<\/p>\n<p>\u201eDie S\u00fcdbahn zeigt, wie einfach nachhaltige Mobilit\u00e4t im Alltag und im Urlaub funktionieren kann. Mit den Saisonz\u00fcgen auf den Linien RB15 und RB19 bringt die ODEG Einheimische wie Urlaubsg\u00e4ste komfortabel und klimafreundlich zu den sch\u00f6nsten Zielen der Mecklenburgischen Seenplatte. M\u00f6glich wird dieses attraktive Angebot durch die enge und verl\u00e4ssliche Zusammenarbeit mit dem Land Mecklenburg-Vorpommern und der VMV.\u201c Stefan Neubert, Gesch\u00e4ftsf\u00fchrer der<br \/>ODEG \u2013 Ostdeutsche Eisenbahn GmbH.<\/p>\n<p>Der aktuelle Fahrplan wurde in enger Abstimmung mit den Landkreisen Mecklenburgische Seenplatte und Ludwigslust-Parchim, den Tourismusorganisationen sowie den Verkehrsunternehmen entwickelt.<\/p>\n<p><strong>Leichtes Reisen mit der G\u00e4stekarte<\/strong><\/p>\n<p>Auch in dieser Saison profitieren Urlaubsg\u00e4ste zus\u00e4tzlich: Inhaberinnen und Inhaber einer G\u00e4stekarte aus Waren (M\u00fcritz), Malchow, Alt Schwerin, Karow, Rechlin, Klink und R\u00f6bel (M\u00fcritz) k\u00f6nnen die RB15 zwischen Waren (M\u00fcritz) und Alt Schwerin kostenfrei nutzen. Der Fahrpreis ist \u00fcber die Kurabgabe abgedeckt.<\/p>\n<p>\u201eMit der G\u00e4stekarte Bus und Bahn zu fahren, bedeutet Mobilit\u00e4t ohne Ticketsorgen: G\u00e4stekarte einstecken, einsteigen und mitfahren\u201c, sagt Carsten Werfel, Gesch\u00e4ftsf\u00fchrer der VMV-Verkehrsgesellschaft Mecklenburg-Vorpommern. \u201eJede Fahrt ist ein Beitrag zu einer nachhaltigen Mobilit\u00e4t in unserem Land.\u201c<\/p>\n<p><strong>Buslinien 77 und 735 sowie erg\u00e4nzen Bahnangebot<\/strong><\/p>\n<p>F\u00fcr nahtlose Anschl\u00fcsse sorgt die Verkehrsgesellschaft Ludwigslust-Parchim (VLP): Die Buslinie 77 und der Rufbus MV erg\u00e4nzen das Bahnangebot und schaffen st\u00fcndliche Verbindungen zwischen Parchim und der Inselstadt Malchow, ideal f\u00fcr spontane Ausfl\u00fcge, Wanderungen oder den t\u00e4glichen Pendelverkehr. Die Regiobuslinie 735 der VLP verbindet auf der Nord-S\u00fcd Achse Meyenburg, Plau am See und Krakow am See ganzj\u00e4hrig zweist\u00fcndlich miteinander. Die Linie bietet passende Anschl\u00fcsse in den jeweiligen Verkn\u00fcpfungspunkten an die weiteren Angebote im Nahverkehr.<\/p>\n<p>Stefan L\u00f6sel, Gesch\u00e4ftsf\u00fchrer Verkehrsgesellschaft Ludwigslust-Parchim mbH (VLP): \u201eAls regionales Verkehrsunternehmen stehen wir nat\u00fcrlich bereit, wenn es darum geht, mit attraktiven Bef\u00f6rderungsangeboten den Tourismus voranzubringen. G\u00e4ste der Region profitieren nicht nur von regelm\u00e4\u00dfigen Anschl\u00fcssen, um sehenswerte Orte zu erreichen. Mit dem Deutschlandticket reisen sie besonders g\u00fcnstig. Unsere moderne Fahrzeugflotte bef\u00f6rdert die Fahrg\u00e4ste zudem nachhaltig und komfortabel.\u201c<\/p>\n<p><strong>Zus\u00e4tzliche Fahrten am Wochenende der RB 74<\/strong><\/p>\n<p>Die HANSeatische Eisenbahn GmbH (HANS) erweitert vom 14. Mai bis zum 13. September im Auftrag der VMV-Verkehrsgesellschaft Mecklenburg-Vorpommern mbH und des Verkehrsverbundes Berlin Brandenburg (VBB) das Angebot auf der RB74. An Samstagen und Sonntagen verkehren drei zus\u00e4tzliche Fahrten von Pritzwalk \u00fcber Meyenburg bis nach Plau am See. Diese Verl\u00e4ngerung schlie\u00dft eine wichtige L\u00fccke im Streckennetz der westlichen Seenplatte, st\u00e4rkt die regionale Anbindung der Reisenden und bietet eine weitere M\u00f6glichkeit mit der Bahn aus dem Gro\u00dfraum Berlin die Region zu entdecken. Mit dem Angebot der Regiobuslinie 735 und der RB74 besteht ein teilweise st\u00fcndliches Angebot auf der Relation Meyenburg \u2013 Plau am See.<\/p>\n<p>\u201eMit der Verl\u00e4ngerung der RB74 bis nach Plau am See schaffen wir als HANSeatische Eisenbahn erneut einen echten Mehrwert f\u00fcr die Region. Der Saisonverkehr verbindet die westliche Mecklenburgische Seenplatte noch besser mit der Prignitz und auch mit dem Gro\u00dfraum Berlin und macht die Anreise zu einem der beliebtesten Ausflugsziele Mecklenburg-Vorpommerns bequem mit der Bahn m\u00f6glich. In Kombination mit dem Rundbus Plau am See k\u00f6nnen unsere Fahrg\u00e4ste die Region vor Ort flexibel und umweltfreundlich weiter erkunden\u201c, teilt Ren\u00e9 Haber-Henning, Gesch\u00e4ftsf\u00fchrer der HANS mit.<\/p>\n<p><strong>Entlang der Strecke: Natur, Kultur und Erholung<\/strong><\/p>\n<p>Die S\u00fcdbahn verbindet einige der sch\u00f6nsten Orte der Mecklenburgischen Seenplatte:<\/p>\n<ul>\n<li>Plau am See mit historischem Stadtkern, Schloss, Badestellen und Wanderwegen.<\/li>\n<li>Die Inselstadt Malchow, eingebettet zwischen Malchower See und Fleesensee, mit dem Klostermuseum, der Drehbr\u00fccke und dem Hafenflair.<\/li>\n<li>Waren (M\u00fcritz), das Tor zur M\u00fcritz, mit dem M\u00fcritzeum und dem M\u00fcritz-Nationalpark.<\/li>\n<li>In Parchim und L\u00fcbz erwarten Besucher Backsteingotik etwa die St. Georgen-Kirche in Parchim oder das M\u00fchlenmuseum in L\u00fcbz.<\/li>\n<\/ul>\n<p><strong>Weiterf\u00fchrende Informationen<\/strong><\/p>\n<p>Weitere Informationen und die Fahrpl\u00e4ne der Verkehrsunternehmen erhalten Sie unter:\u00a0<a href=\"https:\/\/xn--sdbahn-mv-q9a.de\/\">https:\/\/s\u00fcdbahn-mv.de<\/a>.\u00a0Fahrplanausk\u00fcnfte zum Saisonverkehr erhalten Sie in der Fahrplan-App\u00a0<a href=\"https:\/\/www.fahrplanauskunft-mv.de\/\">\u201eMV f\u00e4hrt gut\u201c.<\/a><\/p>","protected":false},"excerpt":{"rendered":"<p>Eine Pressemitteilung des Ministeriums f\u00fcr Wirtschaft, Infrastruktur, Tourismus und Arbeit. Am 3. April 2026 startet der beliebte Saisonverkehr entlang der S\u00fcdbahn. Einheimische und Urlaubsg\u00e4ste k\u00f6nnen dann die landschaftlich reizvolle Mecklenburgische Seenplatte klimafreundlich mit Bus und Bahn entdecken. Zwischen Parchim, L\u00fcbz, Karow, Plau am See (RB19) sowie Waren (M\u00fcritz), Malchow und Plau am See (RB15) verkehren [&hellip;]<\/p>\n","protected":false},"author":2,"featured_media":5292,"comment_status":"closed","ping_status":"closed","sticky":false,"template":"","format":"standard","meta":{"_acf_changed":false,"footnotes":""},"categories":[4],"tags":[200,147,197,131,199,198,157],"mi-filters":[],"class_list":["post-5291","post","type-post","status-publish","format-standard","has-post-thumbnail","hentry","category-allgemein","tag-gaestekarte","tag-mecklenburgische-seenplatte","tag-saisonstart","tag-suedbahn","tag-tourismus","tag-verkehrsminister-dr-blank","tag-vlp"],"acf":[],"yoast_head":"<!-- This site is optimized with the Yoast SEO plugin v27.4 - https:\/\/yoast.com\/product\/yoast-seo-wordpress\/ -->\n<title>Ab 3. April 2026: Saisonverkehr der S\u00fcdbahn startet - MV f\u00e4hrt gut<\/title>\n<meta name=\"robots\" content=\"index, follow, max-snippet:-1, max-image-preview:large, max-video-preview:-1\" \/>\n<link rel=\"canonical\" href=\"https:\/\/mvfaehrtgut.de\/en\/2026\/03\/25\/entspannt-in-die-saison-mit-der-suedbahn-nachhaltig-unterwegs\/\" \/>\n<meta property=\"og:locale\" content=\"en_GB\" \/>\n<meta property=\"og:type\" content=\"article\" \/>\n<meta property=\"og:title\" content=\"Ab 3. April 2026: Saisonverkehr der S\u00fcdbahn startet - MV f\u00e4hrt gut\" \/>\n<meta property=\"og:description\" content=\"Eine Pressemitteilung des Ministeriums f\u00fcr Wirtschaft, Infrastruktur, Tourismus und Arbeit. Am 3. April 2026 startet der beliebte Saisonverkehr entlang der S\u00fcdbahn. Einheimische und Urlaubsg\u00e4ste k\u00f6nnen dann die landschaftlich reizvolle Mecklenburgische Seenplatte klimafreundlich mit Bus und Bahn entdecken. Zwischen Parchim, L\u00fcbz, Karow, Plau am See (RB19) sowie Waren (M\u00fcritz), Malchow und Plau am See (RB15) verkehren [&hellip;]\" \/>\n<meta property=\"og:url\" content=\"https:\/\/mvfaehrtgut.de\/en\/2026\/03\/25\/entspannt-in-die-saison-mit-der-suedbahn-nachhaltig-unterwegs\/\" \/>\n<meta property=\"og:site_name\" content=\"MV f\u00e4hrt gut\" \/>\n<meta property=\"article:published_time\" content=\"2026-03-25T12:00:38+00:00\" \/>\n<meta property=\"article:modified_time\" content=\"2026-04-27T21:00:34+00:00\" \/>\n<meta property=\"og:image\" content=\"https:\/\/mvfaehrtgut.de\/wp-content\/uploads\/2026\/03\/VMV_Suedbahn_Saisonverkehr_DB_1024-x-768-px.jpg\" \/>\n\t<meta property=\"og:image:width\" content=\"1024\" \/>\n\t<meta property=\"og:image:height\" content=\"768\" \/>\n\t<meta property=\"og:image:type\" content=\"image\/jpeg\" \/>\n<meta name=\"author\" content=\"Redaktion\" \/>\n<script type=\"application\/ld+json\" class=\"yoast-schema-graph\">{\"@context\":\"https:\\\/\\\/schema.org\",\"@graph\":[{\"@type\":\"Article\",\"@id\":\"https:\\\/\\\/mvfaehrtgut.de\\\/2026\\\/03\\\/25\\\/entspannt-in-die-saison-mit-der-suedbahn-nachhaltig-unterwegs\\\/#article\",\"isPartOf\":{\"@id\":\"https:\\\/\\\/mvfaehrtgut.de\\\/2026\\\/03\\\/25\\\/entspannt-in-die-saison-mit-der-suedbahn-nachhaltig-unterwegs\\\/\"},\"author\":{\"name\":\"Redaktion\",\"@id\":\"https:\\\/\\\/mvfaehrtgut.de\\\/#\\\/schema\\\/person\\\/e4e808011b55d29455d39a5e7cca5654\"},\"headline\":\"Ab 3. April 2026: Saisonverkehr der S\u00fcdbahn startet\",\"datePublished\":\"2026-03-25T12:00:38+00:00\",\"dateModified\":\"2026-04-27T21:00:34+00:00\",\"mainEntityOfPage\":{\"@id\":\"https:\\\/\\\/mvfaehrtgut.de\\\/2026\\\/03\\\/25\\\/entspannt-in-die-saison-mit-der-suedbahn-nachhaltig-unterwegs\\\/\"},\"wordCount\":974,\"publisher\":{\"@id\":\"https:\\\/\\\/mvfaehrtgut.de\\\/#organization\"},\"image\":{\"@id\":\"https:\\\/\\\/mvfaehrtgut.de\\\/2026\\\/03\\\/25\\\/entspannt-in-die-saison-mit-der-suedbahn-nachhaltig-unterwegs\\\/#primaryimage\"},\"thumbnailUrl\":\"https:\\\/\\\/mvfaehrtgut.de\\\/wp-content\\\/uploads\\\/2026\\\/03\\\/VMV_Suedbahn_Saisonverkehr_DB_1024-x-768-px.jpg\",\"keywords\":[\"G\u00e4stekarte\",\"Mecklenburgische Seenplatte\",\"Saisonstart\",\"S\u00fcdbahn\",\"Tourismus\",\"Verkehrsminister Dr. Blank\",\"VLP\"],\"articleSection\":[\"Allgemein\"],\"inLanguage\":\"en-GB\"},{\"@type\":\"WebPage\",\"@id\":\"https:\\\/\\\/mvfaehrtgut.de\\\/2026\\\/03\\\/25\\\/entspannt-in-die-saison-mit-der-suedbahn-nachhaltig-unterwegs\\\/\",\"url\":\"https:\\\/\\\/mvfaehrtgut.de\\\/2026\\\/03\\\/25\\\/entspannt-in-die-saison-mit-der-suedbahn-nachhaltig-unterwegs\\\/\",\"name\":\"Ab 3. April 2026: Saisonverkehr der S\u00fcdbahn startet - MV f\u00e4hrt gut\",\"isPartOf\":{\"@id\":\"https:\\\/\\\/mvfaehrtgut.de\\\/#website\"},\"primaryImageOfPage\":{\"@id\":\"https:\\\/\\\/mvfaehrtgut.de\\\/2026\\\/03\\\/25\\\/entspannt-in-die-saison-mit-der-suedbahn-nachhaltig-unterwegs\\\/#primaryimage\"},\"image\":{\"@id\":\"https:\\\/\\\/mvfaehrtgut.de\\\/2026\\\/03\\\/25\\\/entspannt-in-die-saison-mit-der-suedbahn-nachhaltig-unterwegs\\\/#primaryimage\"},\"thumbnailUrl\":\"https:\\\/\\\/mvfaehrtgut.de\\\/wp-content\\\/uploads\\\/2026\\\/03\\\/VMV_Suedbahn_Saisonverkehr_DB_1024-x-768-px.jpg\",\"datePublished\":\"2026-03-25T12:00:38+00:00\",\"dateModified\":\"2026-04-27T21:00:34+00:00\",\"breadcrumb\":{\"@id\":\"https:\\\/\\\/mvfaehrtgut.de\\\/2026\\\/03\\\/25\\\/entspannt-in-die-saison-mit-der-suedbahn-nachhaltig-unterwegs\\\/#breadcrumb\"},\"inLanguage\":\"en-GB\",\"potentialAction\":[{\"@type\":\"ReadAction\",\"target\":[\"https:\\\/\\\/mvfaehrtgut.de\\\/2026\\\/03\\\/25\\\/entspannt-in-die-saison-mit-der-suedbahn-nachhaltig-unterwegs\\\/\"]}]},{\"@type\":\"ImageObject\",\"inLanguage\":\"en-GB\",\"@id\":\"https:\\\/\\\/mvfaehrtgut.de\\\/2026\\\/03\\\/25\\\/entspannt-in-die-saison-mit-der-suedbahn-nachhaltig-unterwegs\\\/#primaryimage\",\"url\":\"https:\\\/\\\/mvfaehrtgut.de\\\/wp-content\\\/uploads\\\/2026\\\/03\\\/VMV_Suedbahn_Saisonverkehr_DB_1024-x-768-px.jpg\",\"contentUrl\":\"https:\\\/\\\/mvfaehrtgut.de\\\/wp-content\\\/uploads\\\/2026\\\/03\\\/VMV_Suedbahn_Saisonverkehr_DB_1024-x-768-px.jpg\",\"width\":1024,\"height\":768},{\"@type\":\"BreadcrumbList\",\"@id\":\"https:\\\/\\\/mvfaehrtgut.de\\\/2026\\\/03\\\/25\\\/entspannt-in-die-saison-mit-der-suedbahn-nachhaltig-unterwegs\\\/#breadcrumb\",\"itemListElement\":[{\"@type\":\"ListItem\",\"position\":1,\"name\":\"MV f\u00e4hrt gut\",\"item\":\"https:\\\/\\\/mvfaehrtgut.de\\\/\"},{\"@type\":\"ListItem\",\"position\":2,\"name\":\"Ab 3. April 2026: Saisonverkehr der S\u00fcdbahn startet\"}]},{\"@type\":\"WebSite\",\"@id\":\"https:\\\/\\\/mvfaehrtgut.de\\\/#website\",\"url\":\"https:\\\/\\\/mvfaehrtgut.de\\\/\",\"name\":\"MV f\u00e4hrt gut\",\"description\":\"\",\"publisher\":{\"@id\":\"https:\\\/\\\/mvfaehrtgut.de\\\/#organization\"},\"potentialAction\":[{\"@type\":\"SearchAction\",\"target\":{\"@type\":\"EntryPoint\",\"urlTemplate\":\"https:\\\/\\\/mvfaehrtgut.de\\\/?s={search_term_string}\"},\"query-input\":{\"@type\":\"PropertyValueSpecification\",\"valueRequired\":true,\"valueName\":\"search_term_string\"}}],\"inLanguage\":\"en-GB\"},{\"@type\":\"Organization\",\"@id\":\"https:\\\/\\\/mvfaehrtgut.de\\\/#organization\",\"name\":\"VMV \u2013 Verkehrsgesellschaft Mecklenburg-Vorpommern mbH\",\"url\":\"https:\\\/\\\/mvfaehrtgut.de\\\/\",\"logo\":{\"@type\":\"ImageObject\",\"inLanguage\":\"en-GB\",\"@id\":\"https:\\\/\\\/mvfaehrtgut.de\\\/#\\\/schema\\\/logo\\\/image\\\/\",\"url\":\"https:\\\/\\\/mvfaehrtgut.de\\\/wp-content\\\/uploads\\\/2025\\\/08\\\/MV_faehrt_gut_mit_scrolleffekt.svg\",\"contentUrl\":\"https:\\\/\\\/mvfaehrtgut.de\\\/wp-content\\\/uploads\\\/2025\\\/08\\\/MV_faehrt_gut_mit_scrolleffekt.svg\",\"caption\":\"VMV \u2013 Verkehrsgesellschaft Mecklenburg-Vorpommern mbH\"},\"image\":{\"@id\":\"https:\\\/\\\/mvfaehrtgut.de\\\/#\\\/schema\\\/logo\\\/image\\\/\"}},{\"@type\":\"Person\",\"@id\":\"https:\\\/\\\/mvfaehrtgut.de\\\/#\\\/schema\\\/person\\\/e4e808011b55d29455d39a5e7cca5654\",\"name\":\"Redaktion\",\"url\":\"https:\\\/\\\/mvfaehrtgut.de\\\/en\\\/author\\\/redaktion\\\/\"}]}<\/script>\n<!-- \/ Yoast SEO plugin. -->","yoast_head_json":{"title":"Ab 3. April 2026: Saisonverkehr der S\u00fcdbahn startet - MV f\u00e4hrt gut","robots":{"index":"index","follow":"follow","max-snippet":"max-snippet:-1","max-image-preview":"max-image-preview:large","max-video-preview":"max-video-preview:-1"},"canonical":"https:\/\/mvfaehrtgut.de\/en\/2026\/03\/25\/entspannt-in-die-saison-mit-der-suedbahn-nachhaltig-unterwegs\/","og_locale":"en_GB","og_type":"article","og_title":"Ab 3. April 2026: Saisonverkehr der S\u00fcdbahn startet - MV f\u00e4hrt gut","og_description":"Eine Pressemitteilung des Ministeriums f\u00fcr Wirtschaft, Infrastruktur, Tourismus und Arbeit. Am 3. April 2026 startet der beliebte Saisonverkehr entlang der S\u00fcdbahn. Einheimische und Urlaubsg\u00e4ste k\u00f6nnen dann die landschaftlich reizvolle Mecklenburgische Seenplatte klimafreundlich mit Bus und Bahn entdecken. Zwischen Parchim, L\u00fcbz, Karow, Plau am See (RB19) sowie Waren (M\u00fcritz), Malchow und Plau am See (RB15) verkehren [&hellip;]","og_url":"https:\/\/mvfaehrtgut.de\/en\/2026\/03\/25\/entspannt-in-die-saison-mit-der-suedbahn-nachhaltig-unterwegs\/","og_site_name":"MV f\u00e4hrt gut","article_published_time":"2026-03-25T12:00:38+00:00","article_modified_time":"2026-04-27T21:00:34+00:00","og_image":[{"width":1024,"height":768,"url":"https:\/\/mvfaehrtgut.de\/wp-content\/uploads\/2026\/03\/VMV_Suedbahn_Saisonverkehr_DB_1024-x-768-px.jpg","type":"image\/jpeg"}],"author":"Redaktion","schema":{"@context":"https:\/\/schema.org","@graph":[{"@type":"Article","@id":"https:\/\/mvfaehrtgut.de\/2026\/03\/25\/entspannt-in-die-saison-mit-der-suedbahn-nachhaltig-unterwegs\/#article","isPartOf":{"@id":"https:\/\/mvfaehrtgut.de\/2026\/03\/25\/entspannt-in-die-saison-mit-der-suedbahn-nachhaltig-unterwegs\/"},"author":{"name":"Redaktion","@id":"https:\/\/mvfaehrtgut.de\/#\/schema\/person\/e4e808011b55d29455d39a5e7cca5654"},"headline":"Ab 3. April 2026: Saisonverkehr der S\u00fcdbahn startet","datePublished":"2026-03-25T12:00:38+00:00","dateModified":"2026-04-27T21:00:34+00:00","mainEntityOfPage":{"@id":"https:\/\/mvfaehrtgut.de\/2026\/03\/25\/entspannt-in-die-saison-mit-der-suedbahn-nachhaltig-unterwegs\/"},"wordCount":974,"publisher":{"@id":"https:\/\/mvfaehrtgut.de\/#organization"},"image":{"@id":"https:\/\/mvfaehrtgut.de\/2026\/03\/25\/entspannt-in-die-saison-mit-der-suedbahn-nachhaltig-unterwegs\/#primaryimage"},"thumbnailUrl":"https:\/\/mvfaehrtgut.de\/wp-content\/uploads\/2026\/03\/VMV_Suedbahn_Saisonverkehr_DB_1024-x-768-px.jpg","keywords":["G\u00e4stekarte","Mecklenburgische Seenplatte","Saisonstart","S\u00fcdbahn","Tourismus","Verkehrsminister Dr. Blank","VLP"],"articleSection":["Allgemein"],"inLanguage":"en-GB"},{"@type":"WebPage","@id":"https:\/\/mvfaehrtgut.de\/2026\/03\/25\/entspannt-in-die-saison-mit-der-suedbahn-nachhaltig-unterwegs\/","url":"https:\/\/mvfaehrtgut.de\/2026\/03\/25\/entspannt-in-die-saison-mit-der-suedbahn-nachhaltig-unterwegs\/","name":"Ab 3. April 2026: Saisonverkehr der S\u00fcdbahn startet - MV f\u00e4hrt gut","isPartOf":{"@id":"https:\/\/mvfaehrtgut.de\/#website"},"primaryImageOfPage":{"@id":"https:\/\/mvfaehrtgut.de\/2026\/03\/25\/entspannt-in-die-saison-mit-der-suedbahn-nachhaltig-unterwegs\/#primaryimage"},"image":{"@id":"https:\/\/mvfaehrtgut.de\/2026\/03\/25\/entspannt-in-die-saison-mit-der-suedbahn-nachhaltig-unterwegs\/#primaryimage"},"thumbnailUrl":"https:\/\/mvfaehrtgut.de\/wp-content\/uploads\/2026\/03\/VMV_Suedbahn_Saisonverkehr_DB_1024-x-768-px.jpg","datePublished":"2026-03-25T12:00:38+00:00","dateModified":"2026-04-27T21:00:34+00:00","breadcrumb":{"@id":"https:\/\/mvfaehrtgut.de\/2026\/03\/25\/entspannt-in-die-saison-mit-der-suedbahn-nachhaltig-unterwegs\/#breadcrumb"},"inLanguage":"en-GB","potentialAction":[{"@type":"ReadAction","target":["https:\/\/mvfaehrtgut.de\/2026\/03\/25\/entspannt-in-die-saison-mit-der-suedbahn-nachhaltig-unterwegs\/"]}]},{"@type":"ImageObject","inLanguage":"en-GB","@id":"https:\/\/mvfaehrtgut.de\/2026\/03\/25\/entspannt-in-die-saison-mit-der-suedbahn-nachhaltig-unterwegs\/#primaryimage","url":"https:\/\/mvfaehrtgut.de\/wp-content\/uploads\/2026\/03\/VMV_Suedbahn_Saisonverkehr_DB_1024-x-768-px.jpg","contentUrl":"https:\/\/mvfaehrtgut.de\/wp-content\/uploads\/2026\/03\/VMV_Suedbahn_Saisonverkehr_DB_1024-x-768-px.jpg","width":1024,"height":768},{"@type":"BreadcrumbList","@id":"https:\/\/mvfaehrtgut.de\/2026\/03\/25\/entspannt-in-die-saison-mit-der-suedbahn-nachhaltig-unterwegs\/#breadcrumb","itemListElement":[{"@type":"ListItem","position":1,"name":"MV f\u00e4hrt gut","item":"https:\/\/mvfaehrtgut.de\/"},{"@type":"ListItem","position":2,"name":"Ab 3. April 2026: Saisonverkehr der S\u00fcdbahn startet"}]},{"@type":"WebSite","@id":"https:\/\/mvfaehrtgut.de\/#website","url":"https:\/\/mvfaehrtgut.de\/","name":"MV on the move","description":"","publisher":{"@id":"https:\/\/mvfaehrtgut.de\/#organization"},"potentialAction":[{"@type":"SearchAction","target":{"@type":"EntryPoint","urlTemplate":"https:\/\/mvfaehrtgut.de\/?s={search_term_string}"},"query-input":{"@type":"PropertyValueSpecification","valueRequired":true,"valueName":"search_term_string"}}],"inLanguage":"en-GB"},{"@type":"Organization","@id":"https:\/\/mvfaehrtgut.de\/#organization","name":"VMV \u2013 Verkehrsgesellschaft Mecklenburg-Vorpommern mbH","url":"https:\/\/mvfaehrtgut.de\/","logo":{"@type":"ImageObject","inLanguage":"en-GB","@id":"https:\/\/mvfaehrtgut.de\/#\/schema\/logo\/image\/","url":"https:\/\/mvfaehrtgut.de\/wp-content\/uploads\/2025\/08\/MV_faehrt_gut_mit_scrolleffekt.svg","contentUrl":"https:\/\/mvfaehrtgut.de\/wp-content\/uploads\/2025\/08\/MV_faehrt_gut_mit_scrolleffekt.svg","caption":"VMV \u2013 Verkehrsgesellschaft Mecklenburg-Vorpommern mbH"},"image":{"@id":"https:\/\/mvfaehrtgut.de\/#\/schema\/logo\/image\/"}},{"@type":"Person","@id":"https:\/\/mvfaehrtgut.de\/#\/schema\/person\/e4e808011b55d29455d39a5e7cca5654","name":"Redaktion","url":"https:\/\/mvfaehrtgut.de\/en\/author\/redaktion\/"}]}},"_links":{"self":[{"href":"https:\/\/mvfaehrtgut.de\/en\/wp-json\/wp\/v2\/posts\/5291","targetHints":{"allow":["GET"]}}],"collection":[{"href":"https:\/\/mvfaehrtgut.de\/en\/wp-json\/wp\/v2\/posts"}],"about":[{"href":"https:\/\/mvfaehrtgut.de\/en\/wp-json\/wp\/v2\/types\/post"}],"author":[{"embeddable":true,"href":"https:\/\/mvfaehrtgut.de\/en\/wp-json\/wp\/v2\/users\/2"}],"replies":[{"embeddable":true,"href":"https:\/\/mvfaehrtgut.de\/en\/wp-json\/wp\/v2\/comments?post=5291"}],"version-history":[{"count":1,"href":"https:\/\/mvfaehrtgut.de\/en\/wp-json\/wp\/v2\/posts\/5291\/revisions"}],"predecessor-version":[{"id":5303,"href":"https:\/\/mvfaehrtgut.de\/en\/wp-json\/wp\/v2\/posts\/5291\/revisions\/5303"}],"wp:featuredmedia":[{"embeddable":true,"href":"https:\/\/mvfaehrtgut.de\/en\/wp-json\/wp\/v2\/media\/5292"}],"wp:attachment":[{"href":"https:\/\/mvfaehrtgut.de\/en\/wp-json\/wp\/v2\/media?parent=5291"}],"wp:term":[{"taxonomy":"category","embeddable":true,"href":"https:\/\/mvfaehrtgut.de\/en\/wp-json\/wp\/v2\/categories?post=5291"},{"taxonomy":"post_tag","embeddable":true,"href":"https:\/\/mvfaehrtgut.de\/en\/wp-json\/wp\/v2\/tags?post=5291"},{"taxonomy":"mi-filters","embeddable":true,"href":"https:\/\/mvfaehrtgut.de\/en\/wp-json\/wp\/v2\/mi-filters?post=5291"}],"curies":[{"name":"wp","href":"https:\/\/api.w.org\/{rel}","templated":true}]}}