{"id":5241,"date":"2026-02-18T10:27:23","date_gmt":"2026-02-18T09:27:23","guid":{"rendered":"https:\/\/mvfaehrtgut.de\/2026\/02\/18\/vmv-laedt-zur-fahrplankonferenz\/"},"modified":"2026-04-27T23:00:21","modified_gmt":"2026-04-27T21:00:21","slug":"vmv-laedt-zur-fahrplankonferenz","status":"publish","type":"post","link":"https:\/\/mvfaehrtgut.de\/en\/2026\/02\/18\/vmv-laedt-zur-fahrplankonferenz\/","title":{"rendered":"VMV l\u00e4dt zur Fahrplankonferenz"},"content":{"rendered":"<p>Die VMV-Verkehrsgesellschaft Mecklenburg-Vorpommern l\u00e4dt die Verkehrsunternehmen des Landes, die kommunalen Spitzenverb\u00e4nde, die Landkreise und kreisfreien St\u00e4dte zur Fahrplankonferenz <u>am 23. Februar 2026<\/u>\u00a0in die IHK zu Rostock ein.<\/p>\n<p>In der Veranstaltung wird die Planung des SPNV f\u00fcr den Jahresfahrplan 2027 vorgestellt. Ziel ist, im Sinne einer m\u00f6glichst einfachen und durchgehenden Reisekette eine fr\u00fchzeitige Abstimmung mit den regionalen und lokalen Verkehrsangeboten, insbesondere aber mit dem RegioBus MV und dem Rufbus MV zu erm\u00f6glichen. Die Fahrplanentw\u00fcrfe werden im Anschluss an die Fahrplankonferenz auf dieser Webseite unter dem Reiter \u201eFahrplanentw\u00fcrfe 2027\u201c zur Einsichtnahme bereitgestellt.<\/p>\n<p>\u00a0<\/p>","protected":false},"excerpt":{"rendered":"<p>Die VMV-Verkehrsgesellschaft Mecklenburg-Vorpommern l\u00e4dt die Verkehrsunternehmen des Landes, die kommunalen Spitzenverb\u00e4nde, die Landkreise und kreisfreien St\u00e4dte zur Fahrplankonferenz am 23. Februar 2026\u00a0in die IHK zu Rostock ein. In der Veranstaltung wird die Planung des SPNV f\u00fcr den Jahresfahrplan 2027 vorgestellt. Ziel ist, im Sinne einer m\u00f6glichst einfachen und durchgehenden Reisekette eine fr\u00fchzeitige Abstimmung mit den [&hellip;]<\/p>\n","protected":false},"author":2,"featured_media":5242,"comment_status":"closed","ping_status":"closed","sticky":false,"template":"","format":"standard","meta":{"_acf_changed":false,"footnotes":""},"categories":[4],"tags":[185,141,188,184,187,189,27,167,158,51,190,186,26],"mi-filters":[],"class_list":["post-5241","post","type-post","status-publish","format-standard","has-post-thumbnail","hentry","category-allgemein","tag-einladung","tag-eisenbahn","tag-eisenbahnverkehrsunternehmen","tag-evu","tag-fahrplanentwuf","tag-landesweit","tag-mecklenburg-vorpommern","tag-mv","tag-oepnv","tag-rostock","tag-spnv","tag-verkehrsgesellschaft","tag-vmv"],"acf":[],"yoast_head":"<!-- This site is optimized with the Yoast SEO plugin v27.4 - https:\/\/yoast.com\/product\/yoast-seo-wordpress\/ -->\n<title>VMV l\u00e4dt zur Fahrplankonferenz - MV f\u00e4hrt gut<\/title>\n<meta name=\"robots\" content=\"index, follow, max-snippet:-1, max-image-preview:large, max-video-preview:-1\" \/>\n<link rel=\"canonical\" href=\"https:\/\/mvfaehrtgut.de\/en\/2026\/02\/18\/vmv-laedt-zur-fahrplankonferenz\/\" \/>\n<meta property=\"og:locale\" content=\"en_GB\" \/>\n<meta property=\"og:type\" content=\"article\" \/>\n<meta property=\"og:title\" content=\"VMV l\u00e4dt zur Fahrplankonferenz - MV f\u00e4hrt gut\" \/>\n<meta property=\"og:description\" content=\"Die VMV-Verkehrsgesellschaft Mecklenburg-Vorpommern l\u00e4dt die Verkehrsunternehmen des Landes, die kommunalen Spitzenverb\u00e4nde, die Landkreise und kreisfreien St\u00e4dte zur Fahrplankonferenz am 23. Februar 2026\u00a0in die IHK zu Rostock ein. In der Veranstaltung wird die Planung des SPNV f\u00fcr den Jahresfahrplan 2027 vorgestellt. Ziel ist, im Sinne einer m\u00f6glichst einfachen und durchgehenden Reisekette eine fr\u00fchzeitige Abstimmung mit den [&hellip;]\" \/>\n<meta property=\"og:url\" content=\"https:\/\/mvfaehrtgut.de\/en\/2026\/02\/18\/vmv-laedt-zur-fahrplankonferenz\/\" \/>\n<meta property=\"og:site_name\" content=\"MV f\u00e4hrt gut\" \/>\n<meta property=\"article:published_time\" content=\"2026-02-18T09:27:23+00:00\" \/>\n<meta property=\"article:modified_time\" content=\"2026-04-27T21:00:21+00:00\" \/>\n<meta property=\"og:image\" content=\"https:\/\/mvfaehrtgut.de\/wp-content\/uploads\/2026\/02\/vmv.23_logo_basic80_RGB_300dpi.jpg\" \/>\n\t<meta property=\"og:image:width\" content=\"945\" \/>\n\t<meta property=\"og:image:height\" content=\"603\" \/>\n\t<meta property=\"og:image:type\" content=\"image\/jpeg\" \/>\n<meta name=\"author\" content=\"Redaktion\" \/>\n<script type=\"application\/ld+json\" class=\"yoast-schema-graph\">{\"@context\":\"https:\\\/\\\/schema.org\",\"@graph\":[{\"@type\":\"Article\",\"@id\":\"https:\\\/\\\/mvfaehrtgut.de\\\/2026\\\/02\\\/18\\\/vmv-laedt-zur-fahrplankonferenz\\\/#article\",\"isPartOf\":{\"@id\":\"https:\\\/\\\/mvfaehrtgut.de\\\/2026\\\/02\\\/18\\\/vmv-laedt-zur-fahrplankonferenz\\\/\"},\"author\":{\"name\":\"Redaktion\",\"@id\":\"https:\\\/\\\/mvfaehrtgut.de\\\/#\\\/schema\\\/person\\\/e4e808011b55d29455d39a5e7cca5654\"},\"headline\":\"VMV l\u00e4dt zur Fahrplankonferenz\",\"datePublished\":\"2026-02-18T09:27:23+00:00\",\"dateModified\":\"2026-04-27T21:00:21+00:00\",\"mainEntityOfPage\":{\"@id\":\"https:\\\/\\\/mvfaehrtgut.de\\\/2026\\\/02\\\/18\\\/vmv-laedt-zur-fahrplankonferenz\\\/\"},\"wordCount\":101,\"publisher\":{\"@id\":\"https:\\\/\\\/mvfaehrtgut.de\\\/#organization\"},\"image\":{\"@id\":\"https:\\\/\\\/mvfaehrtgut.de\\\/2026\\\/02\\\/18\\\/vmv-laedt-zur-fahrplankonferenz\\\/#primaryimage\"},\"thumbnailUrl\":\"https:\\\/\\\/mvfaehrtgut.de\\\/wp-content\\\/uploads\\\/2026\\\/02\\\/vmv.23_logo_basic80_RGB_300dpi.jpg\",\"keywords\":[\"Einladung\",\"Eisenbahn\",\"Eisenbahnverkehrsunternehmen\",\"EVU\",\"Fahrplanentwuf\",\"landesweit\",\"Mecklenburg-Vorpommern\",\"MV\",\"\u00d6PNV\",\"Rostock\",\"SPNV\",\"Verkehrsgesellschaft\",\"VMV\"],\"articleSection\":[\"Allgemein\"],\"inLanguage\":\"en-GB\"},{\"@type\":\"WebPage\",\"@id\":\"https:\\\/\\\/mvfaehrtgut.de\\\/2026\\\/02\\\/18\\\/vmv-laedt-zur-fahrplankonferenz\\\/\",\"url\":\"https:\\\/\\\/mvfaehrtgut.de\\\/2026\\\/02\\\/18\\\/vmv-laedt-zur-fahrplankonferenz\\\/\",\"name\":\"VMV l\u00e4dt zur Fahrplankonferenz - MV f\u00e4hrt gut\",\"isPartOf\":{\"@id\":\"https:\\\/\\\/mvfaehrtgut.de\\\/#website\"},\"primaryImageOfPage\":{\"@id\":\"https:\\\/\\\/mvfaehrtgut.de\\\/2026\\\/02\\\/18\\\/vmv-laedt-zur-fahrplankonferenz\\\/#primaryimage\"},\"image\":{\"@id\":\"https:\\\/\\\/mvfaehrtgut.de\\\/2026\\\/02\\\/18\\\/vmv-laedt-zur-fahrplankonferenz\\\/#primaryimage\"},\"thumbnailUrl\":\"https:\\\/\\\/mvfaehrtgut.de\\\/wp-content\\\/uploads\\\/2026\\\/02\\\/vmv.23_logo_basic80_RGB_300dpi.jpg\",\"datePublished\":\"2026-02-18T09:27:23+00:00\",\"dateModified\":\"2026-04-27T21:00:21+00:00\",\"breadcrumb\":{\"@id\":\"https:\\\/\\\/mvfaehrtgut.de\\\/2026\\\/02\\\/18\\\/vmv-laedt-zur-fahrplankonferenz\\\/#breadcrumb\"},\"inLanguage\":\"en-GB\",\"potentialAction\":[{\"@type\":\"ReadAction\",\"target\":[\"https:\\\/\\\/mvfaehrtgut.de\\\/2026\\\/02\\\/18\\\/vmv-laedt-zur-fahrplankonferenz\\\/\"]}]},{\"@type\":\"ImageObject\",\"inLanguage\":\"en-GB\",\"@id\":\"https:\\\/\\\/mvfaehrtgut.de\\\/2026\\\/02\\\/18\\\/vmv-laedt-zur-fahrplankonferenz\\\/#primaryimage\",\"url\":\"https:\\\/\\\/mvfaehrtgut.de\\\/wp-content\\\/uploads\\\/2026\\\/02\\\/vmv.23_logo_basic80_RGB_300dpi.jpg\",\"contentUrl\":\"https:\\\/\\\/mvfaehrtgut.de\\\/wp-content\\\/uploads\\\/2026\\\/02\\\/vmv.23_logo_basic80_RGB_300dpi.jpg\",\"width\":945,\"height\":603},{\"@type\":\"BreadcrumbList\",\"@id\":\"https:\\\/\\\/mvfaehrtgut.de\\\/2026\\\/02\\\/18\\\/vmv-laedt-zur-fahrplankonferenz\\\/#breadcrumb\",\"itemListElement\":[{\"@type\":\"ListItem\",\"position\":1,\"name\":\"MV f\u00e4hrt gut\",\"item\":\"https:\\\/\\\/mvfaehrtgut.de\\\/\"},{\"@type\":\"ListItem\",\"position\":2,\"name\":\"VMV l\u00e4dt zur Fahrplankonferenz\"}]},{\"@type\":\"WebSite\",\"@id\":\"https:\\\/\\\/mvfaehrtgut.de\\\/#website\",\"url\":\"https:\\\/\\\/mvfaehrtgut.de\\\/\",\"name\":\"MV f\u00e4hrt gut\",\"description\":\"\",\"publisher\":{\"@id\":\"https:\\\/\\\/mvfaehrtgut.de\\\/#organization\"},\"potentialAction\":[{\"@type\":\"SearchAction\",\"target\":{\"@type\":\"EntryPoint\",\"urlTemplate\":\"https:\\\/\\\/mvfaehrtgut.de\\\/?s={search_term_string}\"},\"query-input\":{\"@type\":\"PropertyValueSpecification\",\"valueRequired\":true,\"valueName\":\"search_term_string\"}}],\"inLanguage\":\"en-GB\"},{\"@type\":\"Organization\",\"@id\":\"https:\\\/\\\/mvfaehrtgut.de\\\/#organization\",\"name\":\"VMV \u2013 Verkehrsgesellschaft Mecklenburg-Vorpommern mbH\",\"url\":\"https:\\\/\\\/mvfaehrtgut.de\\\/\",\"logo\":{\"@type\":\"ImageObject\",\"inLanguage\":\"en-GB\",\"@id\":\"https:\\\/\\\/mvfaehrtgut.de\\\/#\\\/schema\\\/logo\\\/image\\\/\",\"url\":\"https:\\\/\\\/mvfaehrtgut.de\\\/wp-content\\\/uploads\\\/2025\\\/08\\\/MV_faehrt_gut_mit_scrolleffekt.svg\",\"contentUrl\":\"https:\\\/\\\/mvfaehrtgut.de\\\/wp-content\\\/uploads\\\/2025\\\/08\\\/MV_faehrt_gut_mit_scrolleffekt.svg\",\"caption\":\"VMV \u2013 Verkehrsgesellschaft Mecklenburg-Vorpommern mbH\"},\"image\":{\"@id\":\"https:\\\/\\\/mvfaehrtgut.de\\\/#\\\/schema\\\/logo\\\/image\\\/\"}},{\"@type\":\"Person\",\"@id\":\"https:\\\/\\\/mvfaehrtgut.de\\\/#\\\/schema\\\/person\\\/e4e808011b55d29455d39a5e7cca5654\",\"name\":\"Redaktion\",\"url\":\"https:\\\/\\\/mvfaehrtgut.de\\\/en\\\/author\\\/redaktion\\\/\"}]}<\/script>\n<!-- \/ Yoast SEO plugin. -->","yoast_head_json":{"title":"VMV l\u00e4dt zur Fahrplankonferenz - MV f\u00e4hrt gut","robots":{"index":"index","follow":"follow","max-snippet":"max-snippet:-1","max-image-preview":"max-image-preview:large","max-video-preview":"max-video-preview:-1"},"canonical":"https:\/\/mvfaehrtgut.de\/en\/2026\/02\/18\/vmv-laedt-zur-fahrplankonferenz\/","og_locale":"en_GB","og_type":"article","og_title":"VMV l\u00e4dt zur Fahrplankonferenz - MV f\u00e4hrt gut","og_description":"Die VMV-Verkehrsgesellschaft Mecklenburg-Vorpommern l\u00e4dt die Verkehrsunternehmen des Landes, die kommunalen Spitzenverb\u00e4nde, die Landkreise und kreisfreien St\u00e4dte zur Fahrplankonferenz am 23. Februar 2026\u00a0in die IHK zu Rostock ein. In der Veranstaltung wird die Planung des SPNV f\u00fcr den Jahresfahrplan 2027 vorgestellt. Ziel ist, im Sinne einer m\u00f6glichst einfachen und durchgehenden Reisekette eine fr\u00fchzeitige Abstimmung mit den [&hellip;]","og_url":"https:\/\/mvfaehrtgut.de\/en\/2026\/02\/18\/vmv-laedt-zur-fahrplankonferenz\/","og_site_name":"MV f\u00e4hrt gut","article_published_time":"2026-02-18T09:27:23+00:00","article_modified_time":"2026-04-27T21:00:21+00:00","og_image":[{"width":945,"height":603,"url":"https:\/\/mvfaehrtgut.de\/wp-content\/uploads\/2026\/02\/vmv.23_logo_basic80_RGB_300dpi.jpg","type":"image\/jpeg"}],"author":"Redaktion","schema":{"@context":"https:\/\/schema.org","@graph":[{"@type":"Article","@id":"https:\/\/mvfaehrtgut.de\/2026\/02\/18\/vmv-laedt-zur-fahrplankonferenz\/#article","isPartOf":{"@id":"https:\/\/mvfaehrtgut.de\/2026\/02\/18\/vmv-laedt-zur-fahrplankonferenz\/"},"author":{"name":"Redaktion","@id":"https:\/\/mvfaehrtgut.de\/#\/schema\/person\/e4e808011b55d29455d39a5e7cca5654"},"headline":"VMV l\u00e4dt zur Fahrplankonferenz","datePublished":"2026-02-18T09:27:23+00:00","dateModified":"2026-04-27T21:00:21+00:00","mainEntityOfPage":{"@id":"https:\/\/mvfaehrtgut.de\/2026\/02\/18\/vmv-laedt-zur-fahrplankonferenz\/"},"wordCount":101,"publisher":{"@id":"https:\/\/mvfaehrtgut.de\/#organization"},"image":{"@id":"https:\/\/mvfaehrtgut.de\/2026\/02\/18\/vmv-laedt-zur-fahrplankonferenz\/#primaryimage"},"thumbnailUrl":"https:\/\/mvfaehrtgut.de\/wp-content\/uploads\/2026\/02\/vmv.23_logo_basic80_RGB_300dpi.jpg","keywords":["Einladung","Eisenbahn","Eisenbahnverkehrsunternehmen","EVU","Fahrplanentwuf","landesweit","Mecklenburg-Vorpommern","MV","\u00d6PNV","Rostock","SPNV","Verkehrsgesellschaft","VMV"],"articleSection":["Allgemein"],"inLanguage":"en-GB"},{"@type":"WebPage","@id":"https:\/\/mvfaehrtgut.de\/2026\/02\/18\/vmv-laedt-zur-fahrplankonferenz\/","url":"https:\/\/mvfaehrtgut.de\/2026\/02\/18\/vmv-laedt-zur-fahrplankonferenz\/","name":"VMV l\u00e4dt zur Fahrplankonferenz - MV f\u00e4hrt gut","isPartOf":{"@id":"https:\/\/mvfaehrtgut.de\/#website"},"primaryImageOfPage":{"@id":"https:\/\/mvfaehrtgut.de\/2026\/02\/18\/vmv-laedt-zur-fahrplankonferenz\/#primaryimage"},"image":{"@id":"https:\/\/mvfaehrtgut.de\/2026\/02\/18\/vmv-laedt-zur-fahrplankonferenz\/#primaryimage"},"thumbnailUrl":"https:\/\/mvfaehrtgut.de\/wp-content\/uploads\/2026\/02\/vmv.23_logo_basic80_RGB_300dpi.jpg","datePublished":"2026-02-18T09:27:23+00:00","dateModified":"2026-04-27T21:00:21+00:00","breadcrumb":{"@id":"https:\/\/mvfaehrtgut.de\/2026\/02\/18\/vmv-laedt-zur-fahrplankonferenz\/#breadcrumb"},"inLanguage":"en-GB","potentialAction":[{"@type":"ReadAction","target":["https:\/\/mvfaehrtgut.de\/2026\/02\/18\/vmv-laedt-zur-fahrplankonferenz\/"]}]},{"@type":"ImageObject","inLanguage":"en-GB","@id":"https:\/\/mvfaehrtgut.de\/2026\/02\/18\/vmv-laedt-zur-fahrplankonferenz\/#primaryimage","url":"https:\/\/mvfaehrtgut.de\/wp-content\/uploads\/2026\/02\/vmv.23_logo_basic80_RGB_300dpi.jpg","contentUrl":"https:\/\/mvfaehrtgut.de\/wp-content\/uploads\/2026\/02\/vmv.23_logo_basic80_RGB_300dpi.jpg","width":945,"height":603},{"@type":"BreadcrumbList","@id":"https:\/\/mvfaehrtgut.de\/2026\/02\/18\/vmv-laedt-zur-fahrplankonferenz\/#breadcrumb","itemListElement":[{"@type":"ListItem","position":1,"name":"MV f\u00e4hrt gut","item":"https:\/\/mvfaehrtgut.de\/"},{"@type":"ListItem","position":2,"name":"VMV l\u00e4dt zur Fahrplankonferenz"}]},{"@type":"WebSite","@id":"https:\/\/mvfaehrtgut.de\/#website","url":"https:\/\/mvfaehrtgut.de\/","name":"MV on the move","description":"","publisher":{"@id":"https:\/\/mvfaehrtgut.de\/#organization"},"potentialAction":[{"@type":"SearchAction","target":{"@type":"EntryPoint","urlTemplate":"https:\/\/mvfaehrtgut.de\/?s={search_term_string}"},"query-input":{"@type":"PropertyValueSpecification","valueRequired":true,"valueName":"search_term_string"}}],"inLanguage":"en-GB"},{"@type":"Organization","@id":"https:\/\/mvfaehrtgut.de\/#organization","name":"VMV \u2013 Verkehrsgesellschaft Mecklenburg-Vorpommern mbH","url":"https:\/\/mvfaehrtgut.de\/","logo":{"@type":"ImageObject","inLanguage":"en-GB","@id":"https:\/\/mvfaehrtgut.de\/#\/schema\/logo\/image\/","url":"https:\/\/mvfaehrtgut.de\/wp-content\/uploads\/2025\/08\/MV_faehrt_gut_mit_scrolleffekt.svg","contentUrl":"https:\/\/mvfaehrtgut.de\/wp-content\/uploads\/2025\/08\/MV_faehrt_gut_mit_scrolleffekt.svg","caption":"VMV \u2013 Verkehrsgesellschaft Mecklenburg-Vorpommern mbH"},"image":{"@id":"https:\/\/mvfaehrtgut.de\/#\/schema\/logo\/image\/"}},{"@type":"Person","@id":"https:\/\/mvfaehrtgut.de\/#\/schema\/person\/e4e808011b55d29455d39a5e7cca5654","name":"Redaktion","url":"https:\/\/mvfaehrtgut.de\/en\/author\/redaktion\/"}]}},"_links":{"self":[{"href":"https:\/\/mvfaehrtgut.de\/en\/wp-json\/wp\/v2\/posts\/5241","targetHints":{"allow":["GET"]}}],"collection":[{"href":"https:\/\/mvfaehrtgut.de\/en\/wp-json\/wp\/v2\/posts"}],"about":[{"href":"https:\/\/mvfaehrtgut.de\/en\/wp-json\/wp\/v2\/types\/post"}],"author":[{"embeddable":true,"href":"https:\/\/mvfaehrtgut.de\/en\/wp-json\/wp\/v2\/users\/2"}],"replies":[{"embeddable":true,"href":"https:\/\/mvfaehrtgut.de\/en\/wp-json\/wp\/v2\/comments?post=5241"}],"version-history":[{"count":1,"href":"https:\/\/mvfaehrtgut.de\/en\/wp-json\/wp\/v2\/posts\/5241\/revisions"}],"predecessor-version":[{"id":5247,"href":"https:\/\/mvfaehrtgut.de\/en\/wp-json\/wp\/v2\/posts\/5241\/revisions\/5247"}],"wp:featuredmedia":[{"embeddable":true,"href":"https:\/\/mvfaehrtgut.de\/en\/wp-json\/wp\/v2\/media\/5242"}],"wp:attachment":[{"href":"https:\/\/mvfaehrtgut.de\/en\/wp-json\/wp\/v2\/media?parent=5241"}],"wp:term":[{"taxonomy":"category","embeddable":true,"href":"https:\/\/mvfaehrtgut.de\/en\/wp-json\/wp\/v2\/categories?post=5241"},{"taxonomy":"post_tag","embeddable":true,"href":"https:\/\/mvfaehrtgut.de\/en\/wp-json\/wp\/v2\/tags?post=5241"},{"taxonomy":"mi-filters","embeddable":true,"href":"https:\/\/mvfaehrtgut.de\/en\/wp-json\/wp\/v2\/mi-filters?post=5241"}],"curies":[{"name":"wp","href":"https:\/\/api.w.org\/{rel}","templated":true}]}}